{"id":11488,"date":"2025-12-01T08:00:00","date_gmt":"2025-12-01T07:00:00","guid":{"rendered":"https:\/\/www.alpstransfers-cab.com\/newsletter-december-2025\/"},"modified":"2026-04-06T12:32:33","modified_gmt":"2026-04-06T11:32:33","slug":"annecy-vtc-newsletter-december-2025","status":"publish","type":"post","link":"https:\/\/www.alpstransfers-cab.com\/en\/annecy-vtc-newsletter-december-2025\/","title":{"rendered":"Newsletter &#8211; December 2025"},"content":{"rendered":"\n<h2 class=\"wp-block-heading\">December 2025 &#8211; Exceptional winter in Haute-Savoie with First Class Partner<\/h2>\n\n\n\n<p>Holiday magic, first snowflakes &amp; elegant mobility<\/p>\n\n\n\n<p><strong>Dear customers and partners,<\/strong><\/p>\n\n\n\n<p>December in Haute-Savoie&#8230; the <strong>magic of the festive season<\/strong> meets the <strong>tranquillity of snow-covered landscapes<\/strong>. The <strong>villages sparkle<\/strong>, the <strong>resorts come alive<\/strong>, the <strong>lakes are cloaked in mist<\/strong> and the <strong>mountains light up under the fresh snow<\/strong>. This December promises to be an enchanted interlude, between <strong>business trips<\/strong>, <strong>family reunions<\/strong> and <strong>prestigious winter escapades<\/strong>.  <\/p>\n\n\n\n<p>With <strong>First Class Partner &#8211; Alpes<\/strong>, every journey becomes a <strong>smooth, elegant and personalized experience<\/strong>.<\/p>\n\n\n\n<h2 class=\"wp-block-heading\">\ud83d\ude98 Premium mobility &#8211; December in style<\/h2>\n\n\n\n<p>\ud83d\udeeb <strong>Airport &amp; Station Transfers<\/strong><br>Always on time and made-to-measure, our transfers ensure your connections to <strong>Geneva, Lyon Saint-Exup\u00e9ry, Chamb\u00e9ry, Annecy, Cluses or Bellegarde<\/strong>, with <strong>flight\/train tracking<\/strong>, <strong>baggage assistance<\/strong> and <strong>top-of-the-range vehicles<\/strong>.<\/p>\n\n\n\n<p>\ud83c\udfbf S <strong>ki Resort Transfers<\/strong><br>Meg\u00e8ve, Chamonix, La Clusaz, Morzine, Avoriaz or Courchevel: our experienced drivers will take you to the most beautiful resorts, in absolute comfort and safety.<\/p>\n\n\n\n<h2 class=\"wp-block-heading\">\u2744\ufe0f December escapes &#8211; Refined winter &amp; Alpine enchantment<\/h2>\n\n\n\n<p>\ud83e\uddd6\u200d\u2640\ufe0f <strong>Wellness breaks &amp; Alpine spas<\/strong> &#8211; Evian, Aix-les-Bains, Saint-Gervais-les-Bains: relaxation and winter panoramas<br>\ud83c\udfd4\ufe0f <strong>Panoramic walks<\/strong> &#8211; Aravis, Semnoz, Plateau des Gli\u00e8res: nature, silence and winter light<br>\ud83c\udfa8 <strong>Culture &amp; heritage<\/strong> &#8211; Christmas markets in Annecy and Yvoire, exhibitions at the Ch\u00e2teau d&#8217;Annecy, winter concerts<br>\ud83c\udf77 <strong>Festive gastronomy<\/strong> &#8211; Alpine dining, starred restaurants, Savoyard specialties and mulled wine<\/p>\n\n\n\n<h2 class=\"wp-block-heading\">\ud83d\udc54 Business &amp; Prestige &#8211; Corporate Pack December<\/h2>\n\n\n\n<p>For your <strong>customer meetings<\/strong>, <strong>confidential seminars<\/strong> or <strong>end-of-year sales tours<\/strong>:<br>\u2192 <strong>Dedicated bilingual driver<\/strong>, available for half or full days<br>\u2192 <strong>Optimized route management<\/strong>, comfort &amp; discretion guaranteed<br>\u2192 <strong>Priority service<\/strong> for business trips before the holidays<\/p>\n\n\n\n<h2 class=\"wp-block-heading\"><strong>\ud83c\udf81 <\/strong>Exclusive Offers &#8211; December 2025<\/h2>\n\n\n\n<figure class=\"wp-block-table\"><table class=\"has-fixed-layout\"><thead><tr><th>Offer<\/th><th>Detail<\/th><\/tr><\/thead><tbody><tr><td>\ud83d\udd39 <strong>NOEL10<\/strong><\/td><td>-10% off all bookings until December 31<\/td><\/tr><tr><td>\ud83d\udd39 <strong>Ski &amp; Wellness package<\/strong><\/td><td>8 hours available for snow escapades and resort relaxation<\/td><\/tr><tr><td>\ud83d\udd39 <strong>Pack Business Winter<\/strong><\/td><td>5 business trips with express service &amp; -15% discount<\/td><\/tr><tr><td>\ud83d\udd39 <strong>Festive Event Offer<\/strong><\/td><td>1 hour free of charge for all bookings of 6 hours or more (weddings, New Year&#8217;s Eve parties, seminars)<\/td><\/tr><\/tbody><\/table><\/figure>\n\n\n\n<h2 class=\"wp-block-heading\">\ud83d\udcc5 Events &amp; Highlights &#8211; Haute-Savoie in December<\/h2>\n\n\n\n<p>\ud83c\udf84 <strong>Christmas markets &amp; illuminated villages<\/strong>: Annecy, Yvoire, La Roche-sur-Foron, Thonon-les-Bains<br>\ud83c\udfad <strong>End-of-year concerts &amp; ballets<\/strong>: Op\u00e9ra de Lausanne, Th\u00e9\u00e2tre de Bonlieu in Annecy<br>\u26f8\ufe0f <strong>Open-air skating rinks<\/strong> &amp; family entertainment around the lakes<br>\u2744\ufe0f <strong>Official opening of ski resorts<\/strong> &#8211; first runs from early December<br>\ud83c\udf7d\ufe0f <strong>Gastronomic evenings &amp; exceptional New Year&#8217;s Eve celebrations<\/strong> in upmarket hotels and chalets<\/p>\n\n\n\n<h2 class=\"wp-block-heading\">\ud83d\udcac FAQ Special December 2025<\/h2>\n\n\n\n<p>\u27a1\ufe0f <strong>Do you offer transfers to ski resorts?<\/strong><br>Yes, our fully-equipped vehicles (snow tires, chains, premium heating) ensure safe <strong>journeys to all Alpine resorts<\/strong>.<\/p>\n\n\n\n<p>\u27a1\ufe0f <strong>Can I combine business travel with relaxation?<\/strong><br>Absolutely. Our drivers adapt to your needs for a tailor-made <strong>mix of business and relaxation<\/strong>. <\/p>\n\n\n\n<p>\u27a1\ufe0f <strong>Do you cater for private events during the festive season?<\/strong><br>Yes, winter weddings, New Year&#8217;s Eve parties, end-of-year seminars&#8230; our <strong>Prestige offer<\/strong> guarantees elegant, festive service.<\/p>\n\n\n\n<p>\u27a1\ufe0f <strong>Are your vehicles adapted to winter conditions?<\/strong><br>Yes, all our vehicles are <strong>winter-equipped<\/strong> and prepared for mountain roads.<\/p>\n\n\n\n<p>\u27a1\ufe0f <strong>Do you offer family or group vans?<\/strong><br>Of course. Our <strong>7-8 seater vans<\/strong> with child seats are perfect for families or groups of friends in the mountains. <\/p>\n\n\n\n<h2 class=\"wp-block-heading\">\ud83d\udcde Reservations &amp; Information<\/h2>\n\n\n\n<p>\ud83d\udcf1 Phone: <strong><a href=\"tel:+33782877445\">+33 (0)7 82 87 74 45<\/a><\/strong> (Call \/ SMS \/ WhatsApp)<br>\ud83d\udce7 Email : <strong><a href=\"https:\/\/www.alpstransfers-cab.com\/en\/contact\/\">contact@alpstransfers-cab.com<\/a><\/strong><br>\ud83c\udf10 Website: <strong><a href=\"http:\/\/www.alpstransfers-cab.com\/en\/\">www.alpstransfers-cab.com<\/a><\/strong><br>\ud83c\udf0d Paris &amp; \u00cele-de-France agency: <strong><a href=\"http:\/\/www.firstclasspartner-vtc.fr\/\">www.firstclasspartner-vtc.fr<\/a><\/strong><\/p>\n\n\n\n<p>\ud83c\udf84 <strong>In December, experience the magic of winter with First Class Partner &#8211; Alpes.<\/strong><br>Travel in <strong>style, comfort and serenity<\/strong>, and enjoy a month of <strong>light, relaxation and prestige.<\/strong><\/p>\n\n\n\n<p>A very happy holiday season to you all,<br>\u2728 <strong>The First Class Partner &#8211; Alpes team<\/strong><\/p>\n","protected":false},"excerpt":{"rendered":"<p>December 2025 &#8211; Exceptional winter in Haute-Savoie with First Class Partner Holiday magic, first snowflakes &amp; elegant mobility Dear customers [&hellip;]<\/p>\n","protected":false},"author":2,"featured_media":9980,"comment_status":"open","ping_status":"open","sticky":false,"template":"","format":"standard","meta":{"site-sidebar-layout":"default","site-content-layout":"","ast-site-content-layout":"full-width-container","site-content-style":"default","site-sidebar-style":"default","ast-global-header-display":"","ast-banner-title-visibility":"","ast-main-header-display":"","ast-hfb-above-header-display":"","ast-hfb-below-header-display":"","ast-hfb-mobile-header-display":"","site-post-title":"","ast-breadcrumbs-content":"","ast-featured-img":"","footer-sml-layout":"","ast-disable-related-posts":"","theme-transparent-header-meta":"","adv-header-id-meta":"","stick-header-meta":"","header-above-stick-meta":"","header-main-stick-meta":"","header-below-stick-meta":"","astra-migrate-meta-layouts":"default","ast-page-background-enabled":"default","ast-page-background-meta":{"desktop":{"background-color":"var(--ast-global-color-4)","background-image":"","background-repeat":"repeat","background-position":"center center","background-size":"auto","background-attachment":"scroll","background-type":"","background-media":"","overlay-type":"","overlay-color":"","overlay-opacity":"","overlay-gradient":""},"tablet":{"background-color":"","background-image":"","background-repeat":"repeat","background-position":"center center","background-size":"auto","background-attachment":"scroll","background-type":"","background-media":"","overlay-type":"","overlay-color":"","overlay-opacity":"","overlay-gradient":""},"mobile":{"background-color":"","background-image":"","background-repeat":"repeat","background-position":"center center","background-size":"auto","background-attachment":"scroll","background-type":"","background-media":"","overlay-type":"","overlay-color":"","overlay-opacity":"","overlay-gradient":""}},"ast-content-background-meta":{"desktop":{"background-color":"var(--ast-global-color-5)","background-image":"","background-repeat":"repeat","background-position":"center center","background-size":"auto","background-attachment":"scroll","background-type":"","background-media":"","overlay-type":"","overlay-color":"","overlay-opacity":"","overlay-gradient":""},"tablet":{"background-color":"var(--ast-global-color-5)","background-image":"","background-repeat":"repeat","background-position":"center center","background-size":"auto","background-attachment":"scroll","background-type":"","background-media":"","overlay-type":"","overlay-color":"","overlay-opacity":"","overlay-gradient":""},"mobile":{"background-color":"var(--ast-global-color-5)","background-image":"","background-repeat":"repeat","background-position":"center center","background-size":"auto","background-attachment":"scroll","background-type":"","background-media":"","overlay-type":"","overlay-color":"","overlay-opacity":"","overlay-gradient":""}},"footnotes":""},"categories":[35],"tags":[],"class_list":["post-11488","post","type-post","status-publish","format-standard","has-post-thumbnail","hentry","category-newsletter-en"],"yoast_head":"<!-- This site is optimized with the Yoast SEO plugin v27.4 - https:\/\/yoast.com\/product\/yoast-seo-wordpress\/ -->\n<title>Newsletter - December 2025 - Alps Transfers Cab<\/title>\n<meta name=\"robots\" content=\"index, follow, max-snippet:-1, max-image-preview:large, max-video-preview:-1\" \/>\n<link rel=\"canonical\" href=\"https:\/\/www.alpstransfers-cab.com\/en\/annecy-vtc-newsletter-december-2025\/\" \/>\n<meta property=\"og:locale\" content=\"en_US\" \/>\n<meta property=\"og:type\" content=\"article\" \/>\n<meta property=\"og:title\" content=\"Newsletter - December 2025 - Alps Transfers Cab\" \/>\n<meta property=\"og:description\" content=\"December 2025 &#8211; Exceptional winter in Haute-Savoie with First Class Partner Holiday magic, first snowflakes &amp; elegant mobility Dear customers [&hellip;]\" \/>\n<meta property=\"og:url\" content=\"https:\/\/www.alpstransfers-cab.com\/en\/annecy-vtc-newsletter-december-2025\/\" \/>\n<meta property=\"og:site_name\" content=\"Alps Transfers Cab\" \/>\n<meta property=\"article:published_time\" content=\"2025-12-01T07:00:00+00:00\" \/>\n<meta property=\"article:modified_time\" content=\"2026-04-06T11:32:33+00:00\" \/>\n<meta property=\"og:image\" content=\"https:\/\/www.alpstransfers-cab.com\/wp-content\/uploads\/2025\/11\/freepik__upload__15852.jpeg\" \/>\n\t<meta property=\"og:image:width\" content=\"2000\" \/>\n\t<meta property=\"og:image:height\" content=\"1333\" \/>\n\t<meta property=\"og:image:type\" content=\"image\/jpeg\" \/>\n<meta name=\"author\" content=\"contact@alpstransfers-cab.com\" \/>\n<meta name=\"twitter:card\" content=\"summary_large_image\" \/>\n<meta name=\"twitter:label1\" content=\"Written by\" \/>\n\t<meta name=\"twitter:data1\" content=\"contact@alpstransfers-cab.com\" \/>\n\t<meta name=\"twitter:label2\" content=\"Est. reading time\" \/>\n\t<meta name=\"twitter:data2\" content=\"4 minutes\" \/>\n<script type=\"application\/ld+json\" class=\"yoast-schema-graph\">{\"@context\":\"https:\\\/\\\/schema.org\",\"@graph\":[{\"@type\":\"Article\",\"@id\":\"https:\\\/\\\/www.alpstransfers-cab.com\\\/en\\\/annecy-vtc-newsletter-december-2025\\\/#article\",\"isPartOf\":{\"@id\":\"https:\\\/\\\/www.alpstransfers-cab.com\\\/en\\\/annecy-vtc-newsletter-december-2025\\\/\"},\"author\":{\"name\":\"contact@alpstransfers-cab.com\",\"@id\":\"https:\\\/\\\/www.alpstransfers-cab.com\\\/en\\\/#\\\/schema\\\/person\\\/eeb328e28d6e9d34157324bb0cfe3915\"},\"headline\":\"Newsletter &#8211; December 2025\",\"datePublished\":\"2025-12-01T07:00:00+00:00\",\"dateModified\":\"2026-04-06T11:32:33+00:00\",\"mainEntityOfPage\":{\"@id\":\"https:\\\/\\\/www.alpstransfers-cab.com\\\/en\\\/annecy-vtc-newsletter-december-2025\\\/\"},\"wordCount\":576,\"commentCount\":0,\"image\":{\"@id\":\"https:\\\/\\\/www.alpstransfers-cab.com\\\/en\\\/annecy-vtc-newsletter-december-2025\\\/#primaryimage\"},\"thumbnailUrl\":\"https:\\\/\\\/www.alpstransfers-cab.com\\\/wp-content\\\/uploads\\\/2025\\\/11\\\/freepik__upload__15852.jpeg\",\"articleSection\":[\"Newsletter\"],\"inLanguage\":\"en-US\",\"potentialAction\":[{\"@type\":\"CommentAction\",\"name\":\"Comment\",\"target\":[\"https:\\\/\\\/www.alpstransfers-cab.com\\\/en\\\/annecy-vtc-newsletter-december-2025\\\/#respond\"]}]},{\"@type\":\"WebPage\",\"@id\":\"https:\\\/\\\/www.alpstransfers-cab.com\\\/en\\\/annecy-vtc-newsletter-december-2025\\\/\",\"url\":\"https:\\\/\\\/www.alpstransfers-cab.com\\\/en\\\/annecy-vtc-newsletter-december-2025\\\/\",\"name\":\"Newsletter - December 2025 - Alps Transfers Cab\",\"isPartOf\":{\"@id\":\"https:\\\/\\\/www.alpstransfers-cab.com\\\/en\\\/#website\"},\"primaryImageOfPage\":{\"@id\":\"https:\\\/\\\/www.alpstransfers-cab.com\\\/en\\\/annecy-vtc-newsletter-december-2025\\\/#primaryimage\"},\"image\":{\"@id\":\"https:\\\/\\\/www.alpstransfers-cab.com\\\/en\\\/annecy-vtc-newsletter-december-2025\\\/#primaryimage\"},\"thumbnailUrl\":\"https:\\\/\\\/www.alpstransfers-cab.com\\\/wp-content\\\/uploads\\\/2025\\\/11\\\/freepik__upload__15852.jpeg\",\"datePublished\":\"2025-12-01T07:00:00+00:00\",\"dateModified\":\"2026-04-06T11:32:33+00:00\",\"author\":{\"@id\":\"https:\\\/\\\/www.alpstransfers-cab.com\\\/en\\\/#\\\/schema\\\/person\\\/eeb328e28d6e9d34157324bb0cfe3915\"},\"breadcrumb\":{\"@id\":\"https:\\\/\\\/www.alpstransfers-cab.com\\\/en\\\/annecy-vtc-newsletter-december-2025\\\/#breadcrumb\"},\"inLanguage\":\"en-US\",\"potentialAction\":[{\"@type\":\"ReadAction\",\"target\":[\"https:\\\/\\\/www.alpstransfers-cab.com\\\/en\\\/annecy-vtc-newsletter-december-2025\\\/\"]}]},{\"@type\":\"ImageObject\",\"inLanguage\":\"en-US\",\"@id\":\"https:\\\/\\\/www.alpstransfers-cab.com\\\/en\\\/annecy-vtc-newsletter-december-2025\\\/#primaryimage\",\"url\":\"https:\\\/\\\/www.alpstransfers-cab.com\\\/wp-content\\\/uploads\\\/2025\\\/11\\\/freepik__upload__15852.jpeg\",\"contentUrl\":\"https:\\\/\\\/www.alpstransfers-cab.com\\\/wp-content\\\/uploads\\\/2025\\\/11\\\/freepik__upload__15852.jpeg\",\"width\":2000,\"height\":1333},{\"@type\":\"BreadcrumbList\",\"@id\":\"https:\\\/\\\/www.alpstransfers-cab.com\\\/en\\\/annecy-vtc-newsletter-december-2025\\\/#breadcrumb\",\"itemListElement\":[{\"@type\":\"ListItem\",\"position\":1,\"name\":\"Accueil\",\"item\":\"https:\\\/\\\/www.alpstransfers-cab.com\\\/en\\\/\"},{\"@type\":\"ListItem\",\"position\":2,\"name\":\"Newsletter &#8211; December 2025\"}]},{\"@type\":\"WebSite\",\"@id\":\"https:\\\/\\\/www.alpstransfers-cab.com\\\/en\\\/#website\",\"url\":\"https:\\\/\\\/www.alpstransfers-cab.com\\\/en\\\/\",\"name\":\"Alps Transfers Cab\",\"description\":\"Alpes Transfert Cab Service VTC\",\"potentialAction\":[{\"@type\":\"SearchAction\",\"target\":{\"@type\":\"EntryPoint\",\"urlTemplate\":\"https:\\\/\\\/www.alpstransfers-cab.com\\\/en\\\/?s={search_term_string}\"},\"query-input\":{\"@type\":\"PropertyValueSpecification\",\"valueRequired\":true,\"valueName\":\"search_term_string\"}}],\"inLanguage\":\"en-US\"},{\"@type\":\"Person\",\"@id\":\"https:\\\/\\\/www.alpstransfers-cab.com\\\/en\\\/#\\\/schema\\\/person\\\/eeb328e28d6e9d34157324bb0cfe3915\",\"name\":\"contact@alpstransfers-cab.com\",\"image\":{\"@type\":\"ImageObject\",\"inLanguage\":\"en-US\",\"@id\":\"https:\\\/\\\/secure.gravatar.com\\\/avatar\\\/46c2ae809f64848daea8dbd617059d0b560238735ed5e55e58113720cc93c13f?s=96&d=mm&r=g\",\"url\":\"https:\\\/\\\/secure.gravatar.com\\\/avatar\\\/46c2ae809f64848daea8dbd617059d0b560238735ed5e55e58113720cc93c13f?s=96&d=mm&r=g\",\"contentUrl\":\"https:\\\/\\\/secure.gravatar.com\\\/avatar\\\/46c2ae809f64848daea8dbd617059d0b560238735ed5e55e58113720cc93c13f?s=96&d=mm&r=g\",\"caption\":\"contact@alpstransfers-cab.com\"},\"url\":\"https:\\\/\\\/www.alpstransfers-cab.com\\\/en\\\/author\\\/contactalpstransfers-cab-com\\\/\"}]}<\/script>\n<!-- \/ Yoast SEO plugin. -->","yoast_head_json":{"title":"Newsletter - December 2025 - Alps Transfers Cab","robots":{"index":"index","follow":"follow","max-snippet":"max-snippet:-1","max-image-preview":"max-image-preview:large","max-video-preview":"max-video-preview:-1"},"canonical":"https:\/\/www.alpstransfers-cab.com\/en\/annecy-vtc-newsletter-december-2025\/","og_locale":"en_US","og_type":"article","og_title":"Newsletter - December 2025 - Alps Transfers Cab","og_description":"December 2025 &#8211; Exceptional winter in Haute-Savoie with First Class Partner Holiday magic, first snowflakes &amp; elegant mobility Dear customers [&hellip;]","og_url":"https:\/\/www.alpstransfers-cab.com\/en\/annecy-vtc-newsletter-december-2025\/","og_site_name":"Alps Transfers Cab","article_published_time":"2025-12-01T07:00:00+00:00","article_modified_time":"2026-04-06T11:32:33+00:00","og_image":[{"width":2000,"height":1333,"url":"https:\/\/www.alpstransfers-cab.com\/wp-content\/uploads\/2025\/11\/freepik__upload__15852.jpeg","type":"image\/jpeg"}],"author":"contact@alpstransfers-cab.com","twitter_card":"summary_large_image","twitter_misc":{"Written by":"contact@alpstransfers-cab.com","Est. reading time":"4 minutes"},"schema":{"@context":"https:\/\/schema.org","@graph":[{"@type":"Article","@id":"https:\/\/www.alpstransfers-cab.com\/en\/annecy-vtc-newsletter-december-2025\/#article","isPartOf":{"@id":"https:\/\/www.alpstransfers-cab.com\/en\/annecy-vtc-newsletter-december-2025\/"},"author":{"name":"contact@alpstransfers-cab.com","@id":"https:\/\/www.alpstransfers-cab.com\/en\/#\/schema\/person\/eeb328e28d6e9d34157324bb0cfe3915"},"headline":"Newsletter &#8211; December 2025","datePublished":"2025-12-01T07:00:00+00:00","dateModified":"2026-04-06T11:32:33+00:00","mainEntityOfPage":{"@id":"https:\/\/www.alpstransfers-cab.com\/en\/annecy-vtc-newsletter-december-2025\/"},"wordCount":576,"commentCount":0,"image":{"@id":"https:\/\/www.alpstransfers-cab.com\/en\/annecy-vtc-newsletter-december-2025\/#primaryimage"},"thumbnailUrl":"https:\/\/www.alpstransfers-cab.com\/wp-content\/uploads\/2025\/11\/freepik__upload__15852.jpeg","articleSection":["Newsletter"],"inLanguage":"en-US","potentialAction":[{"@type":"CommentAction","name":"Comment","target":["https:\/\/www.alpstransfers-cab.com\/en\/annecy-vtc-newsletter-december-2025\/#respond"]}]},{"@type":"WebPage","@id":"https:\/\/www.alpstransfers-cab.com\/en\/annecy-vtc-newsletter-december-2025\/","url":"https:\/\/www.alpstransfers-cab.com\/en\/annecy-vtc-newsletter-december-2025\/","name":"Newsletter - December 2025 - Alps Transfers Cab","isPartOf":{"@id":"https:\/\/www.alpstransfers-cab.com\/en\/#website"},"primaryImageOfPage":{"@id":"https:\/\/www.alpstransfers-cab.com\/en\/annecy-vtc-newsletter-december-2025\/#primaryimage"},"image":{"@id":"https:\/\/www.alpstransfers-cab.com\/en\/annecy-vtc-newsletter-december-2025\/#primaryimage"},"thumbnailUrl":"https:\/\/www.alpstransfers-cab.com\/wp-content\/uploads\/2025\/11\/freepik__upload__15852.jpeg","datePublished":"2025-12-01T07:00:00+00:00","dateModified":"2026-04-06T11:32:33+00:00","author":{"@id":"https:\/\/www.alpstransfers-cab.com\/en\/#\/schema\/person\/eeb328e28d6e9d34157324bb0cfe3915"},"breadcrumb":{"@id":"https:\/\/www.alpstransfers-cab.com\/en\/annecy-vtc-newsletter-december-2025\/#breadcrumb"},"inLanguage":"en-US","potentialAction":[{"@type":"ReadAction","target":["https:\/\/www.alpstransfers-cab.com\/en\/annecy-vtc-newsletter-december-2025\/"]}]},{"@type":"ImageObject","inLanguage":"en-US","@id":"https:\/\/www.alpstransfers-cab.com\/en\/annecy-vtc-newsletter-december-2025\/#primaryimage","url":"https:\/\/www.alpstransfers-cab.com\/wp-content\/uploads\/2025\/11\/freepik__upload__15852.jpeg","contentUrl":"https:\/\/www.alpstransfers-cab.com\/wp-content\/uploads\/2025\/11\/freepik__upload__15852.jpeg","width":2000,"height":1333},{"@type":"BreadcrumbList","@id":"https:\/\/www.alpstransfers-cab.com\/en\/annecy-vtc-newsletter-december-2025\/#breadcrumb","itemListElement":[{"@type":"ListItem","position":1,"name":"Accueil","item":"https:\/\/www.alpstransfers-cab.com\/en\/"},{"@type":"ListItem","position":2,"name":"Newsletter &#8211; December 2025"}]},{"@type":"WebSite","@id":"https:\/\/www.alpstransfers-cab.com\/en\/#website","url":"https:\/\/www.alpstransfers-cab.com\/en\/","name":"Alps Transfers Cab","description":"Alpes Transfert Cab Service VTC","potentialAction":[{"@type":"SearchAction","target":{"@type":"EntryPoint","urlTemplate":"https:\/\/www.alpstransfers-cab.com\/en\/?s={search_term_string}"},"query-input":{"@type":"PropertyValueSpecification","valueRequired":true,"valueName":"search_term_string"}}],"inLanguage":"en-US"},{"@type":"Person","@id":"https:\/\/www.alpstransfers-cab.com\/en\/#\/schema\/person\/eeb328e28d6e9d34157324bb0cfe3915","name":"contact@alpstransfers-cab.com","image":{"@type":"ImageObject","inLanguage":"en-US","@id":"https:\/\/secure.gravatar.com\/avatar\/46c2ae809f64848daea8dbd617059d0b560238735ed5e55e58113720cc93c13f?s=96&d=mm&r=g","url":"https:\/\/secure.gravatar.com\/avatar\/46c2ae809f64848daea8dbd617059d0b560238735ed5e55e58113720cc93c13f?s=96&d=mm&r=g","contentUrl":"https:\/\/secure.gravatar.com\/avatar\/46c2ae809f64848daea8dbd617059d0b560238735ed5e55e58113720cc93c13f?s=96&d=mm&r=g","caption":"contact@alpstransfers-cab.com"},"url":"https:\/\/www.alpstransfers-cab.com\/en\/author\/contactalpstransfers-cab-com\/"}]}},"_links":{"self":[{"href":"https:\/\/www.alpstransfers-cab.com\/en\/wp-json\/wp\/v2\/posts\/11488","targetHints":{"allow":["GET"]}}],"collection":[{"href":"https:\/\/www.alpstransfers-cab.com\/en\/wp-json\/wp\/v2\/posts"}],"about":[{"href":"https:\/\/www.alpstransfers-cab.com\/en\/wp-json\/wp\/v2\/types\/post"}],"author":[{"embeddable":true,"href":"https:\/\/www.alpstransfers-cab.com\/en\/wp-json\/wp\/v2\/users\/2"}],"replies":[{"embeddable":true,"href":"https:\/\/www.alpstransfers-cab.com\/en\/wp-json\/wp\/v2\/comments?post=11488"}],"version-history":[{"count":6,"href":"https:\/\/www.alpstransfers-cab.com\/en\/wp-json\/wp\/v2\/posts\/11488\/revisions"}],"predecessor-version":[{"id":18901,"href":"https:\/\/www.alpstransfers-cab.com\/en\/wp-json\/wp\/v2\/posts\/11488\/revisions\/18901"}],"wp:featuredmedia":[{"embeddable":true,"href":"https:\/\/www.alpstransfers-cab.com\/en\/wp-json\/wp\/v2\/media\/9980"}],"wp:attachment":[{"href":"https:\/\/www.alpstransfers-cab.com\/en\/wp-json\/wp\/v2\/media?parent=11488"}],"wp:term":[{"taxonomy":"category","embeddable":true,"href":"https:\/\/www.alpstransfers-cab.com\/en\/wp-json\/wp\/v2\/categories?post=11488"},{"taxonomy":"post_tag","embeddable":true,"href":"https:\/\/www.alpstransfers-cab.com\/en\/wp-json\/wp\/v2\/tags?post=11488"}],"curies":[{"name":"wp","href":"https:\/\/api.w.org\/{rel}","templated":true}]}}