{"id":3075,"date":"2024-11-23T21:03:07","date_gmt":"2024-11-23T20:03:07","guid":{"rendered":"https:\/\/www.alpstransfers-cab.com\/book-a-private-chauffeur-in-chatel-the-ideal-solution-for-an-unforgettable-stay\/"},"modified":"2026-02-21T06:31:28","modified_gmt":"2026-02-21T05:31:28","slug":"chatel-les-portes-du-soleil-shuttle-and-private-chauffeur-for-your-trips","status":"publish","type":"post","link":"https:\/\/www.alpstransfers-cab.com\/en\/chatel-les-portes-du-soleil-shuttle-and-private-chauffeur-for-your-trips\/","title":{"rendered":"Ch\u00e2tel &#8211; Les Portes du Soleil : Shuttle and Private Chauffeur for your trips"},"content":{"rendered":"\n<h1 class=\"wp-block-heading\">Ch\u00e2tel Shuttle and Private Chauffeur &#8211; Explore Les Portes du Soleil in Comfort<\/h1>\n\n\n\n<p><strong>Ch\u00e2tel<\/strong>, located in the magnificent Haute-Savoie region, is part of the <strong>Les<\/strong> <strong>Portes du<\/strong> Soleil ski area, one of the largest cross-border ski resorts in the world. With its <strong>varied slopes<\/strong>, friendly atmosphere and breathtaking scenery, Ch\u00e2tel attracts many visitors every year in search of relaxation and adventure. The resort is a perfect blend of alpine tradition and modern infrastructure, offering the ideal setting for mountain lovers.  <\/p>\n\n\n\n<p>Whether you&#8217;re a seasoned skier looking for new slopes to explore, a family looking for a warm atmosphere or simply a nature enthusiast, Ch\u00e2tel has plenty of surprises in store for you. As well as winter sports, the resort also offers relaxation activities such as snowshoeing, paragliding, or even moments of relaxation in the local <strong>wellness centers<\/strong>. But to get the most out of this beautiful resort, transportation is essential.  <\/p>\n\n\n\n<p>Although Ch\u00e2tel is a great place to live, getting around in the mountains can be complex, especially in winter. Fluctuating weather conditions, winding roads and crowds of holidaymakers can make car journeys stressful. What&#8217;s more, finding a parking space close to the slopes can be a real challenge.  <\/p>\n\n\n\n<p>That&#8217;s why <strong>booking a private chauffeur in Ch\u00e2tel<\/strong> is the best option for optimizing your stay. With a private chauffeur, you not only benefit from comfortable transport, but also from a tailor-made service. You don&#8217;t have to worry about driving, finding parking or complicated mountain routes. Whether you arrive by <strong>train<\/strong> or <strong>plane<\/strong> at <strong>Geneva<\/strong> airport, or are already on site, your chauffeur will take you directly to your destination, in complete safety and peace of mind.   <\/p>\n\n\n\n<p>The advantages of a private chauffeur are numerous: a spacious vehicle for transporting all your ski equipment, a service on demand, and precious time saved so you can make the most of your days on the slopes. What&#8217;s more, a private chauffeur will enable you to discover Ch\u00e2tel and the surrounding area in optimum comfort. <\/p>\n\n\n\n<h2 class=\"wp-block-heading\">In this article, discover :<\/h2>\n\n\n\n<p>\u2705 Why choose a Private Chauffeur in Ch\u00e2tel?<br>\ud83d\ude90 How to hire a Private Chauffeur in Ch\u00e2tel<br>\ud83d\udca1 Destinations served from Ch\u00e2tel<br>\ud83d\udccd Destinations frequently served from\/to<strong> <\/strong>Ch\u00e2tel<br>\u2753 A complete FAQ to answer all your questions<\/p>\n\n\n\n<hr class=\"wp-block-separator has-alpha-channel-opacity\"\/>\n\n\n\n<h2 class=\"wp-block-heading\">Why choose a Private Chauffeur in Ch\u00e2tel?<\/h2>\n\n\n\n<ol class=\"wp-block-list\">\n<li><strong>Comfort and convenience<\/strong> When you book a private chauffeur in Ch\u00e2tel, you get door-to-door service. No more searching for a parking lot or dragging your luggage to a train station. Your chauffeur will be waiting for you as soon as you arrive, and you&#8217;ll be taken straight to your accommodation. It&#8217;s an invaluable convenience, especially after a long journey.   <\/li>\n\n\n\n<li><strong>Flexibility and personalization<\/strong> A private chauffeur offers you unrivalled flexibility. Whether you&#8217;re running errands, sightseeing or travelling to nearby <a href=\"https:\/\/www.alpstransfers-cab.com\/reservez-un-chauffeur-prive-pour-vos-transferts-vers-les-stations-de-ski-des-alpes-francaises\/\"><strong>nearby ski resorts<\/strong><\/a> you can personalize your itinerary. You&#8217;re not limited by public transport schedules.<\/li>\n\n\n\n<li><strong>Saving time<\/strong> By booking a private chauffeur, you avoid the queues and possible delays of public transport. This allows you to maximize your time on the slopes or during your activities in Ch\u00e2tel. <\/li>\n\n\n\n<li><strong>Safety<\/strong> Professional drivers know the region well and are trained to drive in sometimes difficult winter conditions. They ensure your safety and that of your loved ones throughout the journey. <\/li>\n\n\n\n<li><strong>Top-of-the-range service<\/strong> Booking a private chauffeur in Ch\u00e2tel also means enjoying top-of-the-range service. The vehicles are often luxury sedans or SUVs, offering optimum comfort for your journeys. <\/li>\n<\/ol>\n\n\n\n<figure class=\"wp-block-image aligncenter size-large\"><img fetchpriority=\"high\" decoding=\"async\" width=\"1024\" height=\"701\" src=\"https:\/\/www.alpstransfers-cab.com\/wp-content\/uploads\/2025\/08\/freepik__the-style-is-candid-image-photography-with-natural__40293-1024x701.jpeg\" alt=\"\" class=\"wp-image-9793\" srcset=\"https:\/\/www.alpstransfers-cab.com\/wp-content\/uploads\/2025\/08\/freepik__the-style-is-candid-image-photography-with-natural__40293-1024x701.jpeg 1024w, https:\/\/www.alpstransfers-cab.com\/wp-content\/uploads\/2025\/08\/freepik__the-style-is-candid-image-photography-with-natural__40293-300x205.jpeg 300w, https:\/\/www.alpstransfers-cab.com\/wp-content\/uploads\/2025\/08\/freepik__the-style-is-candid-image-photography-with-natural__40293-768x525.jpeg 768w, https:\/\/www.alpstransfers-cab.com\/wp-content\/uploads\/2025\/08\/freepik__the-style-is-candid-image-photography-with-natural__40293-600x411.jpeg 600w, https:\/\/www.alpstransfers-cab.com\/wp-content\/uploads\/2025\/08\/freepik__the-style-is-candid-image-photography-with-natural__40293.jpeg 1216w\" sizes=\"(max-width: 1024px) 100vw, 1024px\" \/><\/figure>\n\n\n\n<h2 class=\"wp-block-heading\">How do I book a Private Chauffeur in Ch\u00e2tel?<\/h2>\n\n\n\n<ol class=\"wp-block-list\">\n<li><strong>Choosing a reputable transport company<\/strong> First of all, you need to choose a reputable transport company. Search online, read customer reviews and compare prices. Some companies also offer additional services such as airport transfers.  <\/li>\n\n\n\n<li><strong>Select Vehicle Type<\/strong> Depending on the number of people and your budget, you can choose the type of vehicle. Options range from luxury sedans to spacious vans, ideal for groups or families. <\/li>\n\n\n\n<li><strong>Specify your trip details<\/strong> When booking, specify your trip details: date, time, pick-up location and destination. You&#8217;ll also be informed of our cancellation policies and how to modify your reservation. <\/li>\n\n\n\n<li><strong>Confirm your booking<\/strong> Once you have provided all the details, please confirm your booking. You will usually receive a confirmation e-mail with all the necessary information. <\/li>\n<\/ol>\n\n\n\n<h3 class=\"wp-block-heading\">Things to do in Ch\u00e2tel<\/h3>\n\n\n\n<p>Ch\u00e2tel is not just a ski resort, it&#8217;s also a place with a wealth of activities all year round.<\/p>\n\n\n\n<ol class=\"wp-block-list\">\n<li><strong>Skiing and Snowboarding<\/strong> The resort offers a vast ski area with slopes to suit all levels. Aficionados of skiing and snowboarding will be delighted by the snow-covered slopes. <\/li>\n\n\n\n<li><strong>Hiking<\/strong> In summer, Ch\u00e2tel becomes a veritable paradise for hikers. Numerous signposted trails take you through breathtaking scenery. <\/li>\n\n\n\n<li><strong>Cultural visits<\/strong> Be sure to visit Ch\u00e2tel&#8217;s baroque church and charming surrounding villages. The region has a wealth of history and traditions to explore. <\/li>\n\n\n\n<li><strong>Well-being<\/strong> After a day on the slopes, why not treat yourself to a moment of relaxation in a spa? Several Ch\u00e2tel establishments offer relaxing treatments and massages. <\/li>\n\n\n\n<li><strong>Gastronomy<\/strong> The region is also renowned for its gastronomy. Be sure to sample local specialties such as Savoyard fondue, raclette or tartiflettes in one of the resort&#8217;s many restaurants. <\/li>\n<\/ol>\n\n\n\n<h3 class=\"wp-block-heading\">Read also : <a href=\"https:\/\/www.alpstransfers-cab.com\/gare-de-cluses-74-navette-privee-et-acces-facile-aux-stations-de-ski\/\"><strong>Cluses (74) train station, private shuttle and easy access to ski resorts <\/strong><\/a> <\/h3>\n\n\n\n<figure class=\"wp-block-image aligncenter size-large\"><img decoding=\"async\" width=\"1024\" height=\"714\" src=\"https:\/\/www.alpstransfers-cab.com\/wp-content\/uploads\/2025\/07\/mountain-2572183_1280-1024x714.jpg\" alt=\"\" class=\"wp-image-8651\" srcset=\"https:\/\/www.alpstransfers-cab.com\/wp-content\/uploads\/2025\/07\/mountain-2572183_1280-1024x714.jpg 1024w, https:\/\/www.alpstransfers-cab.com\/wp-content\/uploads\/2025\/07\/mountain-2572183_1280-300x209.jpg 300w, https:\/\/www.alpstransfers-cab.com\/wp-content\/uploads\/2025\/07\/mountain-2572183_1280-768x536.jpg 768w, https:\/\/www.alpstransfers-cab.com\/wp-content\/uploads\/2025\/07\/mountain-2572183_1280-600x419.jpg 600w, https:\/\/www.alpstransfers-cab.com\/wp-content\/uploads\/2025\/07\/mountain-2572183_1280.jpg 1280w\" sizes=\"(max-width: 1024px) 100vw, 1024px\" \/><\/figure>\n\n\n\n<h2 class=\"wp-block-heading\">\ud83d\ude98 Cities served from or to Ch\u00e2tel<\/h2>\n\n\n\n<p>With <strong>First Class Partner<\/strong>, travel with peace of mind thanks to a <strong>VTC private chauffeur<\/strong> or <strong>personalized shuttle<\/strong> service to and from <strong>Ch\u00e2tel<\/strong>, covering the entire <strong>Auvergne-Rh\u00f4ne-Alpes<\/strong> region.<\/p>\n\n\n\n<h4 class=\"wp-block-heading\">\ud83d\udd39 <strong>Airports<\/strong><\/h4>\n\n\n\n<ul class=\"wp-block-list\">\n<li><strong><a href=\"https:\/\/www.alpstransfers-cab.com\/en\/transfer-private-chauffeur-vtc-geneva-airport\/\">Geneva International Airport (GVA)<\/a><\/strong> 1h30 from Ch\u00e2tel, Geneva airport is one of the main gateways for travellers to and from the region.<\/li>\n\n\n\n<li><strong><a href=\"https:\/\/www.alpstransfers-cab.com\/en\/transfer-private-chauffeur-vtc-annecy-mont-blanc-airport\/\">Annecy Mont Blanc (LFLP)<\/a><\/strong> Annecy Mont-Blanc is a convenient choice for private, business and seasonal flights, just 1h45 from Ch\u00e2tel, a small regional airport. Located in the heart of the Haute-Savoie region, it offers fast, direct connections to Ch\u00e2tel and the surrounding resorts. <\/li>\n\n\n\n<li><strong><a href=\"https:\/\/www.alpstransfers-cab.com\/en\/transfer-private-chauffeur-vtc-lyon-saint-exupery-airport\/\">Lyon-Saint Exup\u00e9ry (LYS)<\/a><\/strong> About 2h30 from Ch\u00e2tel, Lyon airport is one of France&#8217;s biggest hubs, with numerous national and international connections. It&#8217;s an excellent alternative to Geneva, especially for travelers from the south of France or other major European cities. <\/li>\n\n\n\n<li><strong><a href=\"https:\/\/www.alpstransfers-cab.com\/en\/transfer-private-chauffeur-vtc-airport-chambery-savoie-mont-blanc\/\">Chamb\u00e9ry-Aix Savoie &#8211; Mont-Blanc (LFLB)<\/a><\/strong> At 02h10 from Ch\u00e2tel, Chamb\u00e9ry airport is often the preferred choice for trips to the Alps.<\/li>\n\n\n\n<li><strong><a href=\"https:\/\/www.alpstransfers-cab.com\/en\/transfer-private-chauffeur-vtc-grenoble-alpes-isere-airport\/\">Grenoble Alpes Is\u00e8re (LFLS)<\/a><\/strong> Grenoble Alpes Is\u00e8re Airport (LFLS): Approximately 02h40 minutes away, Grenoble Airport is also an excellent choice for reaching the region.<\/li>\n<\/ul>\n\n\n\n<h4 class=\"wp-block-heading\"><strong>\ud83d\udd39 Railway stations<\/strong> in Haute-Savoie and Switzerland<\/h4>\n\n\n\n<ul class=\"wp-block-list\">\n<li><strong><a href=\"https:\/\/www.alpstransfers-cab.com\/engager-un-chauffeur-prive-au-depart-de-cluses-un-choix-pratique-et-confortable\/\">Cluses train station<\/a><\/strong> Famous for its easy access to ski resorts and Alpine villages near Annecy.<\/li>\n\n\n\n<li><strong><a href=\"https:\/\/www.alpstransfers-cab.com\/en\/transfer-private-chauffeur-vtc-sallanches-combloux-megeve-train-station\/\">Sallanches train station<\/a><\/strong> Located at the foot of Mont-Blanc, ideal for the Chamonix valley ski resorts.<\/li>\n\n\n\n<li><strong><a href=\"https:\/\/www.alpstransfers-cab.com\/en\/transfer-private-chauffeur-vtc-saint-gervais-les-bains-le-fayet\/\">Saint-Gervais-les-Bains train station<\/a><\/strong> Saint-Gervais-les-Bains station: Perfect for getting to the ski resorts in the Mont-Blanc valley.<\/li>\n\n\n\n<li><strong><a href=\"https:\/\/www.alpstransfers-cab.com\/en\/transfer-private-chauffeur-vtc-chamonix-train-station\/\">Chamonix train station<\/a><\/strong> A starting point for exploring Mont Blanc and the surrounding area.<\/li>\n\n\n\n<li><strong>Annemasse station<\/strong>: Located close to Geneva, ideal for reaching the Swiss city or nearby resorts.<\/li>\n\n\n\n<li><strong>Gare de Gen\u00e8ve-Cornavin<\/strong>: Geneva&#8217;s main train station, within easy reach of Annecy and the surrounding area.<\/li>\n<\/ul>\n\n\n\n<h4 class=\"wp-block-heading\"><strong>\ud83d\udd39 Neighbouring ski resorts<\/strong><\/h4>\n\n\n\n<ul class=\"wp-block-list\">\n<li><strong><a href=\"https:\/\/www.alpstransfers-cab.com\/en\/transfer-private-chauffeur-vtc-chamonix\/\">Chamonix<\/a><\/strong> One of the most famous and popular ski resorts at the foot of Mont Blanc.<\/li>\n\n\n\n<li><strong><a href=\"https:\/\/www.alpstransfers-cab.com\/reserver-un-chauffeur-prive-a-les-gets-elevez-votre-experience-de-voyage\/\">Les Gets<\/a><\/strong> Charming ski resort in the Portes du Soleil area.<\/li>\n\n\n\n<li><strong><a href=\"https:\/\/www.alpstransfers-cab.com\/reserver-un-chauffeur-prive-a-flaine-la-solution-ideale-pour-vos-deplacements\/\">Flaine<\/a><\/strong> Ski resort with a large ski area, offering a complete winter experience.<\/li>\n\n\n\n<li><strong><a href=\"https:\/\/www.alpstransfers-cab.com\/en\/transfer-private-chauffeur-vtc-megeve\/\">Meg\u00e8ve<\/a><\/strong> Elegant ski resort known for its chic atmosphere and varied slopes.<\/li>\n\n\n\n<li><strong><a href=\"https:\/\/www.alpstransfers-cab.com\/les-carroz-daraches-une-alternative-innovante-aux-taxis-pour-le-transport-de-personnes-en-haute-savoie\/\">Les Carroz<\/a><\/strong> A resort in the heart of the Grand Massif, with pistes to suit all levels.<\/li>\n\n\n\n<li><strong><a href=\"https:\/\/www.alpstransfers-cab.com\/chauffeur-prive-a-la-clusaz-le-transport-de-personnes-reinvente\/\">La Clusaz<\/a><\/strong> La Clusaz: Ideal for skiers of all levels and a great destination for mountain breaks.<\/li>\n<\/ul>\n\n\n\n<h3 class=\"wp-block-heading\">Read also : <a href=\"https:\/\/www.alpstransfers-cab.com\/en\/luxury-shuttle-and-private-chauffeur-to-morzine-and-avoriaz-vip-transfers-to-the-ski-resorts\/\"><strong>Luxury Shuttle and Private Chauffeur to Morzine and Avoriaz, VIP Transfer to Ski Resorts<\/strong><\/a><\/h3>\n\n\n\n<figure class=\"wp-block-image aligncenter size-full\"><img decoding=\"async\" width=\"1024\" height=\"1024\" src=\"https:\/\/www.alpstransfers-cab.com\/wp-content\/uploads\/2024\/10\/freepik__the-style-is-candid-image-photography-with-natural__40671.png\" alt=\"\" class=\"wp-image-8961\" srcset=\"https:\/\/www.alpstransfers-cab.com\/wp-content\/uploads\/2024\/10\/freepik__the-style-is-candid-image-photography-with-natural__40671.png 1024w, https:\/\/www.alpstransfers-cab.com\/wp-content\/uploads\/2024\/10\/freepik__the-style-is-candid-image-photography-with-natural__40671-300x300.png 300w, https:\/\/www.alpstransfers-cab.com\/wp-content\/uploads\/2024\/10\/freepik__the-style-is-candid-image-photography-with-natural__40671-150x150.png 150w, https:\/\/www.alpstransfers-cab.com\/wp-content\/uploads\/2024\/10\/freepik__the-style-is-candid-image-photography-with-natural__40671-768x768.png 768w, https:\/\/www.alpstransfers-cab.com\/wp-content\/uploads\/2024\/10\/freepik__the-style-is-candid-image-photography-with-natural__40671-600x600.png 600w, https:\/\/www.alpstransfers-cab.com\/wp-content\/uploads\/2024\/10\/freepik__the-style-is-candid-image-photography-with-natural__40671-100x100.png 100w\" sizes=\"(max-width: 1024px) 100vw, 1024px\" \/><\/figure>\n\n\n\n<h3 class=\"wp-block-heading\"><strong>\ud83d\udd39<\/strong>Other destinations served<\/h3>\n\n\n\n<p>Our private chauffeur service is not limited to the <strong>Rh\u00f4ne-Alpes region<\/strong> (74). We offer transfers to <strong>any destination in Haute-Savoie, Savoie, Ain and Is\u00e8re<\/strong>, with <strong>punctual pick-up<\/strong>, a <strong>personalized welcome<\/strong> and a <strong>comfortable, safe journey<\/strong> in top-of-the-range vehicles. <\/p>\n\n\n\n<h2 class=\"wp-block-heading\">\ud83d\ude97 In particular, we serve :<\/h2>\n\n\n\n<h4 class=\"wp-block-heading\">\ud83d\udccd <strong>Haute-Savoie<\/strong><\/h4>\n\n\n\n<ul class=\"wp-block-list\">\n<li><strong>Annecy-le-Vieux<\/strong>, <strong>Argenti\u00e8re<\/strong>, <strong><a href=\"https:\/\/www.alpstransfers-cab.com\/en\/transfer-private-chauffeur-vtc-station-des-houches\/\">Les Houches<\/a><\/strong><\/li>\n\n\n\n<li><strong><a href=\"https:\/\/www.alpstransfers-cab.com\/en\/transfer-private-chauffeur-vtc-combloux-resort\/\">Combloux<\/a>, Cordon<\/strong>, <strong>Praz-sur-Arly<\/strong><\/li>\n\n\n\n<li><strong><a href=\"https:\/\/www.alpstransfers-cab.com\/en\/transfer-private-chauffeur-vtc-saint-gervais-les-bains-le-fayet\/\">Saint-<\/a><a href=\"https:\/\/www.alpstransfers-cab.com\/en\/transfer-private-chauffeur-vtc-station-saint-gervais-mont-blanc\/\">Gervais<\/a><a href=\"https:\/\/www.alpstransfers-cab.com\/en\/transfer-private-chauffeur-vtc-saint-gervais-les-bains-le-fayet\/\">-les-Bains<\/a>, Passy<\/strong><\/li>\n\n\n\n<li><strong><a href=\"https:\/\/www.alpstransfers-cab.com\/domaine-skiable-de-cordon-a-sallanches-votre-guide-complet\/\">Sallanches<\/a>, Scionzier<\/strong><\/li>\n\n\n\n<li><strong><a href=\"https:\/\/www.alpstransfers-cab.com\/chauffeur-prive-a-morzine-avoriaz-mode-demploi-et-conseils-pratiques\/\">Morzine-Avoriaz<\/a><\/strong>, <strong><a href=\"https:\/\/www.alpstransfers-cab.com\/engager-un-chauffeur-prive-au-depart-de-thonon-les-bains-un-voyage-confortable-et-pratique\/\">Thonon-les-Bains<\/a><\/strong>, <strong><a href=\"https:\/\/www.alpstransfers-cab.com\/engager-un-chauffeur-prive-au-depart-devian-les-bains-un-guide-complet\/\">\u00c9vian-les-Bains<\/a>, Yvoire<\/strong><\/li>\n\n\n\n<li><strong>La Roche-sur-Foron<\/strong>, <strong>Bonneville<\/strong><\/li>\n<\/ul>\n\n\n\n<h4 class=\"wp-block-heading\">\ud83d\udccd <strong>Savoie<\/strong><\/h4>\n\n\n\n<ul class=\"wp-block-list\">\n<li><strong><a href=\"https:\/\/www.alpstransfers-cab.com\/decouvrez-les-principales-stations-de-ski-accessibles-depuis-la-gare-et-aeroport-de-chambery\/\">Chamb\u00e9ry-Challes-les-Eaux railway station<\/a><\/strong>,  <strong><a href=\"https:\/\/www.alpstransfers-cab.com\/principales-stations-de-ski-desservies-par-les-navettes-de-transport-depuis-la-gare-daix-les-bains-le-revard\/\">Aix-les-Bains-Le-Revard<\/a><\/strong>,  <strong><a href=\"https:\/\/www.alpstransfers-cab.com\/engager-un-chauffeur-prive-au-depart-dalbertville-un-guide-pratique\/\">Albertville<\/a><\/strong>,  <strong><a href=\"https:\/\/www.alpstransfers-cab.com\/engager-un-chauffeur-prive-a-bourg-saint-maurice-un-guide-approfondi\/\">Bourg-Saint-Maurice<\/a><\/strong>,  <strong><a href=\"https:\/\/www.alpstransfers-cab.com\/en\/moutiers-shuttle-and-transfer-service-with-private-driver-to-and-from-the-railway-station-and-the-alpine-ski-resorts\/\">Mo\u00fbtiers &#8211; Salins &#8211; Brides-les-Bains<\/a><\/strong>,  <strong>Ugine<\/strong>,  <strong>Valmorel<\/strong>,  <strong>La Plagne<\/strong>,  <strong>La Rosi\u00e8re<\/strong>,  <strong>Sainte-Foy-Tarentaise<\/strong>,  <strong>Peisey-Vallandry<\/strong><\/li>\n<\/ul>\n\n\n\n<h4 class=\"wp-block-heading\">\ud83d\udccd <strong>Is\u00e8re<\/strong><\/h4>\n\n\n\n<ul class=\"wp-block-list\">\n<li><strong><a href=\"https:\/\/www.alpstransfers-cab.com\/reserver-un-chauffeur-vtc-vers-et-depuis-la-gare-de-grenoble-votre-lien-direct-vers-les-stations-de-ski-des-alpes-francaises\/\">Grenoble<\/a>, \u00c9chirolles<\/strong>, <strong>Voiron<\/strong>, <strong>Meylan<\/strong><\/li>\n\n\n\n<li><strong>Alpe d&#8217;Huez<\/strong>, <strong>Les Deux Alpes<\/strong>, <strong>Vaujany<\/strong>, <strong>Oz-en-Oisans<\/strong><\/li>\n<\/ul>\n\n\n\n<h4 class=\"wp-block-heading\">\ud83d\udccd <strong>Ain<\/strong><\/h4>\n\n\n\n<ul class=\"wp-block-list\">\n<li><strong><a href=\"https:\/\/www.alpstransfers-cab.com\/decouvrez-lain-un-visite-a-bourg-en-bresse-avec-chauffeur-prive\/\">Bourg-en-Bresse<\/a><\/strong>, <strong><a href=\"https:\/\/www.alpstransfers-cab.com\/transport-de-personnes-les-avantages-des-navettes-vtc-au-depart-de-la-gare-tgv-de-bellegarde-sur-valserine\/\">Bellegarde-sur-Valserine<\/a><\/strong>, <strong><a href=\"https:\/\/www.alpstransfers-cab.com\/decouverte-de-nantua-un-joyau-du-haut-bugey\/\">Nantua<\/a><\/strong>, <strong><a href=\"https:\/\/www.alpstransfers-cab.com\/escapade-dans-lain-visitez-oyonnax-en-confort-avec-chauffeur-prive\/\">Oyonnax<\/a><\/strong>, <strong><a href=\"https:\/\/www.alpstransfers-cab.com\/gare-damberieu-en-bugey-un-carrefour-de-transport\/\">Amb\u00e9rieu-en-Bugey<\/a>, Divonne-les-Bains<\/strong>, <strong>Ferney-Voltaire<\/strong><\/li>\n\n\n\n<li><strong>Border areas with<\/strong> <strong><a href=\"https:\/\/www.alpstransfers-cab.com\/reserver-un-chauffeur-prive-vers-laeroport-international-de-geneve-au-moins-8-jours-a-lavance\/\">Geneva<\/a><\/strong> and <strong>Pays de Gex<\/strong><\/li>\n<\/ul>\n\n\n\n<p>Our private chauffeurs offer punctual pick-up and personalized service for all these destinations, guaranteeing you a comfortable and safe journey.<\/p>\n\n\n\n<figure class=\"wp-block-image aligncenter size-full\"><img loading=\"lazy\" decoding=\"async\" width=\"1024\" height=\"1024\" src=\"https:\/\/www.alpstransfers-cab.com\/wp-content\/uploads\/2024\/11\/freepik__the-style-is-candid-image-photography-with-natural__55711.png\" alt=\"\" class=\"wp-image-9134\" srcset=\"https:\/\/www.alpstransfers-cab.com\/wp-content\/uploads\/2024\/11\/freepik__the-style-is-candid-image-photography-with-natural__55711.png 1024w, https:\/\/www.alpstransfers-cab.com\/wp-content\/uploads\/2024\/11\/freepik__the-style-is-candid-image-photography-with-natural__55711-300x300.png 300w, https:\/\/www.alpstransfers-cab.com\/wp-content\/uploads\/2024\/11\/freepik__the-style-is-candid-image-photography-with-natural__55711-150x150.png 150w, https:\/\/www.alpstransfers-cab.com\/wp-content\/uploads\/2024\/11\/freepik__the-style-is-candid-image-photography-with-natural__55711-768x768.png 768w, https:\/\/www.alpstransfers-cab.com\/wp-content\/uploads\/2024\/11\/freepik__the-style-is-candid-image-photography-with-natural__55711-600x600.png 600w, https:\/\/www.alpstransfers-cab.com\/wp-content\/uploads\/2024\/11\/freepik__the-style-is-candid-image-photography-with-natural__55711-100x100.png 100w\" sizes=\"(max-width: 1024px) 100vw, 1024px\" \/><\/figure>\n\n\n\n<h2 class=\"wp-block-heading\">Book your private chauffeur in Ch\u00e2tel now with FIRST CLASS PARTNER<\/h2>\n\n\n\n<p>Ensure a <strong>smooth, comfortable and safe<\/strong> journey. With FIRST CLASS PARTNER, you&#8217;ll enjoy <strong>top-of-the-range, tailor-made service<\/strong>, elegant, spacious vehicles, and professional drivers attentive to your needs.  Whether it&#8217;s a transfer to the station, airport, ski resort or business trip, <strong>travel with peace of mind, safety and elegance<\/strong>.  <\/p>\n\n\n\n<p>Find out more and book: \ud83d\udc49 <a href=\"https:\/\/www.alpstransfers-cab.com\/en\/\"><\/a><strong><strong><a href=\"https:\/\/www.alpstransfers-cab.com\/en\/\">Book now<\/a><\/strong><\/strong><\/p>\n\n\n\n<h3 class=\"wp-block-heading\">\ud83d\udd17 Related articles<\/h3>\n\n\n\n<ul class=\"wp-block-list\">\n<li><a href=\"https:\/\/www.annecy-ville.fr\/2025\/04\/comment-aller-aeroport-geneve-depuis-annecy-ou-se-garer\/\"><strong>How do I get to Geneva airport from Annecy and where can I park? Parking lots and shuttles<\/strong><\/a><\/li>\n<\/ul>\n\n\n\n<ul class=\"wp-block-list\">\n<li><a href=\"https:\/\/www.appartementcourchevel.com\/sejour-ski\/pourquoi-choisir-service-vtc-pour-seminaires-sejours-affaires-a-courchevel\/\"><strong>Optimize your business travel in Courchevel: Why choose a VTC service for your seminars and business trips?<\/strong><\/a><\/li>\n<\/ul>\n\n\n\n<ul class=\"wp-block-list\">\n<li><a href=\"https:\/\/www.alpstransfers-cab.com\/service-de-limousine-a-chamonix-transferts-de-luxe-vers-les-stations-de-ski-et-les-hotels\/\"><strong>Limousine service in Chamonix: Luxury transfers to ski resorts and hotels<\/strong><\/a><\/li>\n<\/ul>\n\n\n\n<ul class=\"wp-block-list\">\n<li><a href=\"https:\/\/www.alpstransfers-cab.com\/en\/annecy-weather-why-choose-a-private-chauffeur-in-annecy-for-your-shuttles-and-transfers-in-haute-savoie-and-savoie\/\"><strong>Annecy weather: why choose a private chauffeur in Annecy for your shuttles and transfers in Haute-Savoie and Savoie<\/strong><\/a><\/li>\n<\/ul>\n\n\n\n<h3 class=\"wp-block-heading\">Read also : <a href=\"https:\/\/www.alpstransfers-cab.com\/en\/geneva-international-airport-private-shuttle-and-chauffeur-tailored-to-your-needs\/\"><strong>A\u00e9roport International de Gen\u00e8ve, Private Shuttle and Chauffeur Made to Measure for Your Travel Needs<\/strong><\/a><\/h3>\n\n\n\n<figure class=\"wp-block-image aligncenter size-full\"><img loading=\"lazy\" decoding=\"async\" width=\"1024\" height=\"1024\" src=\"https:\/\/www.alpstransfers-cab.com\/wp-content\/uploads\/2025\/06\/freepik__the-style-is-candid-image-photography-with-natural__60554.png\" alt=\"\" class=\"wp-image-8984\" srcset=\"https:\/\/www.alpstransfers-cab.com\/wp-content\/uploads\/2025\/06\/freepik__the-style-is-candid-image-photography-with-natural__60554.png 1024w, https:\/\/www.alpstransfers-cab.com\/wp-content\/uploads\/2025\/06\/freepik__the-style-is-candid-image-photography-with-natural__60554-300x300.png 300w, https:\/\/www.alpstransfers-cab.com\/wp-content\/uploads\/2025\/06\/freepik__the-style-is-candid-image-photography-with-natural__60554-150x150.png 150w, https:\/\/www.alpstransfers-cab.com\/wp-content\/uploads\/2025\/06\/freepik__the-style-is-candid-image-photography-with-natural__60554-768x768.png 768w, https:\/\/www.alpstransfers-cab.com\/wp-content\/uploads\/2025\/06\/freepik__the-style-is-candid-image-photography-with-natural__60554-600x600.png 600w, https:\/\/www.alpstransfers-cab.com\/wp-content\/uploads\/2025\/06\/freepik__the-style-is-candid-image-photography-with-natural__60554-100x100.png 100w\" sizes=\"(max-width: 1024px) 100vw, 1024px\" \/><\/figure>\n\n\n\n<hr class=\"wp-block-separator has-alpha-channel-opacity\"\/>\n\n\n\n<h2 class=\"wp-block-heading\">\u2753 FAQ &#8211; Book a Private Chauffeur in Ch\u00e2tel<\/h2>\n\n\n\n<p><strong>\ud83d\ude98 Can a private driver pick me up directly from my accommodation in Ch\u00e2tel?<\/strong><br>Yes, absolutely. Most private transport services offer personalized pick-up at your chalet, hotel or residence, at the agreed time. <\/p>\n\n\n\n<p><strong>\u2708\ufe0f Can we arrange an airport transfer?<\/strong><br>Of course. Transfers to <strong>Geneva, Lyon-Saint-Exup\u00e9ry, Grenoble<\/strong> or even <strong>Annecy<\/strong> airports are available. Booking in advance is recommended, especially during vacation periods.  <\/p>\n\n\n\n<p><strong>\ud83e\uddf3 Can we carry a lot of luggage or ski equipment?<\/strong><br>Yes, our vehicles are suitable for mountain holidays. Remember to indicate the quantity of luggage or the presence of equipment (skis, snowboard) at the time of booking to guarantee the necessary space. <\/p>\n\n\n\n<p><strong>\ud83d\udc76 Are there any children&#8217;s facilities?<\/strong><br>Most providers can supply a baby seat or booster seat on request, at no extra charge. Simply specify when booking. <\/p>\n\n\n\n<p><strong>\ud83c\udf28\ufe0f How safe are the roads in winter?<\/strong><br>Yes, our drivers are used to driving in the mountains, and their vehicles are equipped for snow (winter tires, chains). They adapt their driving to weather conditions. <\/p>\n\n\n\n<p>\ud83d\udcc5 <strong>Can we change or cancel a booking?<\/strong><br>Each company has its own conditions, but many offer <strong>free cancellations up to 24 or 48 hours<\/strong> before the journey. Read the conditions carefully before confirming. <\/p>\n\n\n\n<p><strong>\ud83d\udcde How do I contact my driver if I need to?<\/strong><br>After confirmation, you&#8217;ll usually receive the contact details of your driver or customer service. Some even send an SMS or WhatsApp message prior to arrival. <\/p>\n\n\n\n<h2 class=\"wp-block-heading\">\ud83d\udcde Contact &amp; Booking &#8211; First Class Partner &#8211; Chauffeur VTC in Ch\u00e2tel and the Auvergne-Rh\u00f4ne-Alpes region<\/h2>\n\n\n\n<p>\ud83d\udcf1 Telephone: <strong><strong><strong><a href=\"tel:+33782877445\"><strong>+33 (0)7 82 87 74 45<\/strong><\/a><\/strong><\/strong><\/strong> (Call\/SMS\/WhatsApp)<br>\ud83d\udce7 E-mail : <a href=\"https:\/\/www.alpstransfers-cab.com\/en\/contact\/\"><strong>contact@alpstransfers-cab.com<\/strong><\/a><br>\ud83c\udf10 Website: <a href=\"https:\/\/www.alpstransfers-cab.com\/en\/\" class=\"\"><strong>www.alpstransfers-cab.com<\/strong><\/a><\/p>\n\n\n\n<p><a href=\"https:\/\/www.alpstransfers-cab.com\/en\/\"><strong>Book a private chauffeur in Ch\u00e2tel<\/strong><\/a><\/p>\n\n\n\n<p>The FIRST CLASS PARTNER team<\/p>\n\n\n\n<figure class=\"wp-block-embed is-type-wp-embed is-provider-alps-transfers-cab wp-block-embed-alps-transfers-cab\"><div class=\"wp-block-embed__wrapper\">\n<blockquote class=\"wp-embedded-content\" data-secret=\"GbCcoITw1g\"><a href=\"https:\/\/www.alpstransfers-cab.com\/en\/\">Home<\/a><\/blockquote><iframe class=\"wp-embedded-content\" sandbox=\"allow-scripts\" security=\"restricted\" style=\"position: absolute; visibility: hidden;\" title=\"&#8220;Home&#8221; &#8212; Alps Transfers Cab\" src=\"https:\/\/www.alpstransfers-cab.com\/en\/embed\/#?secret=IYQ48zvX9r#?secret=GbCcoITw1g\" data-secret=\"GbCcoITw1g\" width=\"500\" height=\"282\" frameborder=\"0\" marginwidth=\"0\" marginheight=\"0\" scrolling=\"no\"><\/iframe>\n<\/div><\/figure>\n\n\n\n<hr class=\"wp-block-separator has-alpha-channel-opacity\"\/>\n\n\n\n<p><strong>Latest Blog Posts :<\/strong><\/p>\n\n\n\n<ul class=\"wp-block-list\">\n<li><a href=\"https:\/\/www.alpstransfers-cab.com\/reserver-un-chauffeur-prive-vers-laeroport-international-de-geneve-au-moins-8-jours-a-lavance\/\"><strong>Why book a Private Chauffeur to Geneva International Airport at least 8 days in advance?<\/strong><\/a><\/li>\n\n\n\n<li><a href=\"https:\/\/www.alpstransfers-cab.com\/decouvrez-des-raisons-convaincantes-dopter-pour-un-chauffeur-prive-pour-vos-transferts-depuis-laeroport-dannecy-mont-blanc\/\"><strong>Opt for a Private Chauffeur for your transfers from Annecy Mont-Blanc Airport<\/strong><\/a><\/li>\n\n\n\n<li><a href=\"https:\/\/www.alpstransfers-cab.com\/reserver-un-transfert-au-depart-de-la-gare-tgv-de-sallanches-combloux-megeve\/\"><strong>Book a Transfer from Sallanches-Combloux-Meg\u00e8ve TGV Station<\/strong><\/a><\/li>\n\n\n\n<li><a href=\"https:\/\/www.alpstransfers-cab.com\/chauffeur-prive-a-megeve-lessentiel-pour-un-sejour-inoubliable\/\"><strong>Private chauffeur in Meg\u00e8ve: the essentials for an unforgettable stay<\/strong><\/a><\/li>\n\n\n\n<li><a href=\"https:\/\/www.alpstransfers-cab.com\/en\/geneva-cornavin-station-a-strategic-transport-hub-between-switzerland-and-the-french-alps\/\"><strong>Geneva Cornavin station: a strategic transport hub between Switzerland and the French Alps<\/strong><\/a><\/li>\n\n\n\n<li><a href=\"https:\/\/www.alpstransfers-cab.com\/en\/chambery-train-station-direct-transfer-to-alpine-ski-resorts-with-private-driver\/\"><strong>Chamb\u00e9ry train station: Direct transfer to Alpine ski resorts with private driver<\/strong><\/a><\/li>\n\n\n\n<li><a href=\"https:\/\/www.alpstransfers-cab.com\/en\/aix-les-bains-train-station-gateway-to-the-wonders-of-the-alps-and-thermal-baths\/\"><strong>Aix-les-Bains station: Gateway to the wonders of the Alps and thermal baths<\/strong><\/a><\/li>\n\n\n\n<li><a href=\"https:\/\/www.alpstransfers-cab.com\/en\/albertville-station-arrival-in-the-heart-of-the-alps\/\"><strong>Albertville: station arrival in the heart of the Alps<\/strong><\/a><\/li>\n\n\n\n<li><a href=\"https:\/\/www.alpstransfers-cab.com\/en\/moutiers-shuttle-and-transfer-service-with-private-driver-to-and-from-the-railway-station-and-the-alpine-ski-resorts\/\"><strong>Mo\u00fbtiers: Shuttle and Transfer Service with Private Driver to and from the Railway Station and the Alpine Ski Resorts<\/strong><\/a><\/li>\n\n\n\n<li><a href=\"https:\/\/www.alpstransfers-cab.com\/en\/bourg-saint-maurice-train-station-shuttle-and-private-chauffeur-service-to-ski-resorts\/\"><strong>Bourg-Saint-Maurice train station &#8211; Shuttle and private chauffeur service to ski resorts<\/strong><\/a><\/li>\n\n\n\n<li><a href=\"https:\/\/www.alpstransfers-cab.com\/gare-dannecy-transfert-et-navette-avec-chauffeur-prive-pour-un-confort-et-une-serenite-optimale\/\"><strong>Annecy train station: Transfer and Shuttle with Private Chauffeur for Optimal Comfort and Serenity<\/strong><\/a><\/li>\n\n\n\n<li><a href=\"https:\/\/www.alpstransfers-cab.com\/en\/annemasse-train-station-your-ideal-starting-point-for-a-private-transfer-to-the-ski-resorts\/\"><strong>Annemasse station: your ideal starting point for a private transfer to the ski resorts<\/strong><\/a><\/li>\n\n\n\n<li><a href=\"https:\/\/www.alpstransfers-cab.com\/en\/thonon-les-bains-station-your-ideal-starting-point-for-a-private-transfer-to-the-ski-resorts\/\"><strong>Thonon-les-Bains station: your ideal starting point for a private transfer to the ski resorts<\/strong><\/a><\/li>\n\n\n\n<li><a href=\"https:\/\/www.alpstransfers-cab.com\/en\/evian-les-bains-station-your-ideal-starting-point-for-a-private-transfer-to-the-ski-resorts-of-the-french-alps\/\"><strong>\u00c9vian-les-Bains station: your ideal starting point for a private transfer to the ski resorts of the French Alps<\/strong><\/a><\/li>\n\n\n\n<li><a href=\"https:\/\/www.alpstransfers-cab.com\/en\/cluses-train-station-74-private-shuttle-and-easy-access-to-the-ski-resorts\/\"><strong>Cluses train station (74300), Haute-Savoie: Private shuttle and easy access to French Alps ski resorts<\/strong><\/a><\/li>\n\n\n\n<li><a href=\"https:\/\/www.alpstransfers-cab.com\/en\/sallanches-combloux-megeve-station-your-gateway-to-the-alps-ski-resorts\/\"><strong>Sallanches-Combloux-Meg\u00e8ve station: Your gateway to the Alps&#8217; ski resorts<\/strong><\/a><\/li>\n\n\n\n<li><a href=\"https:\/\/www.alpstransfers-cab.com\/vacances-dhiver-quelles-solutions-de-transport-prive-depuis-la-gare-tgv-de-saint-gervais-les-bains-le-fayet\/\"><strong>Winter vacations: Private transport solutions from Saint-Gervais-les-Bains Le Fayet TGV station<\/strong><\/a><\/li>\n\n\n\n<li><a href=\"https:\/\/www.alpstransfers-cab.com\/en\/chamonix-mont-blanc-train-station-guide-to-unmissable-walks-and-attractions\/\"><strong>Chamonix-Mont-Blanc train station : guide to unmissable walks and attractions<\/strong><\/a><\/li>\n\n\n\n<li><a href=\"https:\/\/www.alpstransfers-cab.com\/decouverte-dannecy-pourquoi-choisir-un-taxi-ou-un-vtc-pour-vos-deplacements\/\"><strong>Discover Annecy: why choose a cab or VTC for your trips<\/strong><\/a><\/li>\n\n\n\n<li><a href=\"https:\/\/www.alpstransfers-cab.com\/reserver-un-chauffeur-prive-vtc-a-chamonix-mont-blanc\/\"><strong>Book a private VTC driver in Chamonix-Mont-Blanc<\/strong><\/a><\/li>\n\n\n\n<li><a href=\"https:\/\/www.alpstransfers-cab.com\/reservez-un-chauffeur-prive-pour-vos-transferts-vers-les-stations-de-ski-des-alpes-francaises\/\"><strong>Book a Shuttle for Your Transfers to Ski Resorts in the French Alps<\/strong><\/a><\/li>\n\n\n\n<li><a href=\"https:\/\/www.alpstransfers-cab.com\/reserver-un-chauffeur-prive-en-haute-savoie-guide-complet-pour-un-voyage-serein\/\"><strong>Book a Private Transport in Haute-Savoie : Complete Guide for a Peaceful Journey<\/strong><\/a><\/li>\n\n\n\n<li><a href=\"https:\/\/www.alpstransfers-cab.com\/les-meilleurs-alternatives-aux-taxis-a-chamonix-pays-du-mont-blanc-votre-guide-definitif\/\"><strong>The Best Alternatives to Taxis in Chamonix Pays du Mont-Blanc: Your Definitive Guide<\/strong><\/a><\/li>\n\n\n\n<li><a href=\"https:\/\/www.alpstransfers-cab.com\/prix-des-taxis-a-chamonix-pour-lannee-2024-guide-complet-pour-vos-deplacements\/\"><strong>Chamonix cab fares for 2024: A complete guide to getting around<\/strong><\/a><\/li>\n\n\n\n<li><a href=\"https:\/\/www.alpstransfers-cab.com\/accident-de-la-route-comment-obtenir-une-indemnisation-face-a-un-taxi-non-assure\/\"><strong>Road accident: How to obtain compensation from an uninsured cab driver?<\/strong><\/a><\/li>\n\n\n\n<li><a href=\"https:\/\/www.alpstransfers-cab.com\/decouvrez-les-alternatives-de-transport-de-personnes-a-combloux-en-haute-savoie\/\"><strong>Discover the Alternatives to Personal Transport in Combloux, Haute-Savoie<\/strong><\/a><\/li>\n\n\n\n<li><a href=\"https:\/\/www.alpstransfers-cab.com\/transport-en-haute-savoie-navette-chauffeur-prive-ou-taxi\/\"><strong>Transport in Haute-Savoie: Shuttle, Private Driver or Taxi<\/strong><\/a><\/li>\n<\/ul>\n\n\n\n<p><strong><a href=\"https:\/\/www.alpstransfers-cab.com\/en\/corporate-offers\/\">CORPORATE OFFER<\/a><\/strong><\/p>\n","protected":false},"excerpt":{"rendered":"<p>Ch\u00e2tel Shuttle and Private Chauffeur &#8211; Explore Les Portes du Soleil in Comfort Ch\u00e2tel, located in the magnificent Haute-Savoie region, [&hellip;]<\/p>\n","protected":false},"author":2,"featured_media":9155,"comment_status":"open","ping_status":"open","sticky":false,"template":"","format":"standard","meta":{"site-sidebar-layout":"default","site-content-layout":"","ast-site-content-layout":"full-width-container","site-content-style":"default","site-sidebar-style":"default","ast-global-header-display":"","ast-banner-title-visibility":"","ast-main-header-display":"","ast-hfb-above-header-display":"","ast-hfb-below-header-display":"","ast-hfb-mobile-header-display":"","site-post-title":"","ast-breadcrumbs-content":"","ast-featured-img":"","footer-sml-layout":"","ast-disable-related-posts":"","theme-transparent-header-meta":"","adv-header-id-meta":"","stick-header-meta":"","header-above-stick-meta":"","header-main-stick-meta":"","header-below-stick-meta":"","astra-migrate-meta-layouts":"default","ast-page-background-enabled":"default","ast-page-background-meta":{"desktop":{"background-color":"var(--ast-global-color-4)","background-image":"","background-repeat":"repeat","background-position":"center center","background-size":"auto","background-attachment":"scroll","background-type":"","background-media":"","overlay-type":"","overlay-color":"","overlay-opacity":"","overlay-gradient":""},"tablet":{"background-color":"","background-image":"","background-repeat":"repeat","background-position":"center center","background-size":"auto","background-attachment":"scroll","background-type":"","background-media":"","overlay-type":"","overlay-color":"","overlay-opacity":"","overlay-gradient":""},"mobile":{"background-color":"","background-image":"","background-repeat":"repeat","background-position":"center center","background-size":"auto","background-attachment":"scroll","background-type":"","background-media":"","overlay-type":"","overlay-color":"","overlay-opacity":"","overlay-gradient":""}},"ast-content-background-meta":{"desktop":{"background-color":"var(--ast-global-color-5)","background-image":"","background-repeat":"repeat","background-position":"center center","background-size":"auto","background-attachment":"scroll","background-type":"","background-media":"","overlay-type":"","overlay-color":"","overlay-opacity":"","overlay-gradient":""},"tablet":{"background-color":"var(--ast-global-color-5)","background-image":"","background-repeat":"repeat","background-position":"center center","background-size":"auto","background-attachment":"scroll","background-type":"","background-media":"","overlay-type":"","overlay-color":"","overlay-opacity":"","overlay-gradient":""},"mobile":{"background-color":"var(--ast-global-color-5)","background-image":"","background-repeat":"repeat","background-position":"center center","background-size":"auto","background-attachment":"scroll","background-type":"","background-media":"","overlay-type":"","overlay-color":"","overlay-opacity":"","overlay-gradient":""}},"footnotes":""},"categories":[30],"tags":[],"class_list":["post-3075","post","type-post","status-publish","format-standard","has-post-thumbnail","hentry","category-vtc-blog"],"yoast_head":"<!-- This site is optimized with the Yoast SEO plugin v27.4 - https:\/\/yoast.com\/product\/yoast-seo-wordpress\/ -->\n<title>Ch\u00e2tel - Les Portes du Soleil : Shuttle and Private Chauffeur for your trips - Alps Transfers Cab<\/title>\n<meta name=\"robots\" content=\"index, follow, max-snippet:-1, max-image-preview:large, max-video-preview:-1\" \/>\n<link rel=\"canonical\" href=\"https:\/\/www.alpstransfers-cab.com\/en\/chatel-les-portes-du-soleil-shuttle-and-private-chauffeur-for-your-trips\/\" \/>\n<meta property=\"og:locale\" content=\"en_US\" \/>\n<meta property=\"og:type\" content=\"article\" \/>\n<meta property=\"og:title\" content=\"Ch\u00e2tel - Les Portes du Soleil : Shuttle and Private Chauffeur for your trips - Alps Transfers Cab\" \/>\n<meta property=\"og:description\" content=\"Ch\u00e2tel Shuttle and Private Chauffeur &#8211; Explore Les Portes du Soleil in Comfort Ch\u00e2tel, located in the magnificent Haute-Savoie region, [&hellip;]\" \/>\n<meta property=\"og:url\" content=\"https:\/\/www.alpstransfers-cab.com\/en\/chatel-les-portes-du-soleil-shuttle-and-private-chauffeur-for-your-trips\/\" \/>\n<meta property=\"og:site_name\" content=\"Alps Transfers Cab\" \/>\n<meta property=\"article:published_time\" content=\"2024-11-23T20:03:07+00:00\" \/>\n<meta property=\"article:modified_time\" content=\"2026-02-21T05:31:28+00:00\" \/>\n<meta property=\"og:image\" content=\"https:\/\/www.alpstransfers-cab.com\/wp-content\/uploads\/2024\/11\/freepik__the-style-is-candid-image-photography-with-natural__32086.png\" \/>\n\t<meta property=\"og:image:width\" content=\"1024\" \/>\n\t<meta property=\"og:image:height\" content=\"1024\" \/>\n\t<meta property=\"og:image:type\" content=\"image\/png\" \/>\n<meta name=\"author\" content=\"contact@alpstransfers-cab.com\" \/>\n<meta name=\"twitter:card\" content=\"summary_large_image\" \/>\n<meta name=\"twitter:label1\" content=\"Written by\" \/>\n\t<meta name=\"twitter:data1\" content=\"contact@alpstransfers-cab.com\" \/>\n\t<meta name=\"twitter:label2\" content=\"Est. reading time\" \/>\n\t<meta name=\"twitter:data2\" content=\"13 minutes\" \/>\n<script type=\"application\/ld+json\" class=\"yoast-schema-graph\">{\"@context\":\"https:\\\/\\\/schema.org\",\"@graph\":[{\"@type\":\"Article\",\"@id\":\"https:\\\/\\\/www.alpstransfers-cab.com\\\/en\\\/chatel-les-portes-du-soleil-shuttle-and-private-chauffeur-for-your-trips\\\/#article\",\"isPartOf\":{\"@id\":\"https:\\\/\\\/www.alpstransfers-cab.com\\\/en\\\/chatel-les-portes-du-soleil-shuttle-and-private-chauffeur-for-your-trips\\\/\"},\"author\":{\"name\":\"contact@alpstransfers-cab.com\",\"@id\":\"https:\\\/\\\/www.alpstransfers-cab.com\\\/en\\\/#\\\/schema\\\/person\\\/eeb328e28d6e9d34157324bb0cfe3915\"},\"headline\":\"Ch\u00e2tel &#8211; Les Portes du Soleil : Shuttle and Private Chauffeur for your trips\",\"datePublished\":\"2024-11-23T20:03:07+00:00\",\"dateModified\":\"2026-02-21T05:31:28+00:00\",\"mainEntityOfPage\":{\"@id\":\"https:\\\/\\\/www.alpstransfers-cab.com\\\/en\\\/chatel-les-portes-du-soleil-shuttle-and-private-chauffeur-for-your-trips\\\/\"},\"wordCount\":2214,\"commentCount\":0,\"image\":{\"@id\":\"https:\\\/\\\/www.alpstransfers-cab.com\\\/en\\\/chatel-les-portes-du-soleil-shuttle-and-private-chauffeur-for-your-trips\\\/#primaryimage\"},\"thumbnailUrl\":\"https:\\\/\\\/www.alpstransfers-cab.com\\\/wp-content\\\/uploads\\\/2024\\\/11\\\/freepik__the-style-is-candid-image-photography-with-natural__32086.png\",\"articleSection\":[\"VTC Blog\"],\"inLanguage\":\"en-US\",\"potentialAction\":[{\"@type\":\"CommentAction\",\"name\":\"Comment\",\"target\":[\"https:\\\/\\\/www.alpstransfers-cab.com\\\/en\\\/chatel-les-portes-du-soleil-shuttle-and-private-chauffeur-for-your-trips\\\/#respond\"]}]},{\"@type\":\"WebPage\",\"@id\":\"https:\\\/\\\/www.alpstransfers-cab.com\\\/en\\\/chatel-les-portes-du-soleil-shuttle-and-private-chauffeur-for-your-trips\\\/\",\"url\":\"https:\\\/\\\/www.alpstransfers-cab.com\\\/en\\\/chatel-les-portes-du-soleil-shuttle-and-private-chauffeur-for-your-trips\\\/\",\"name\":\"Ch\u00e2tel - Les Portes du Soleil : Shuttle and Private Chauffeur for your trips - Alps Transfers Cab\",\"isPartOf\":{\"@id\":\"https:\\\/\\\/www.alpstransfers-cab.com\\\/en\\\/#website\"},\"primaryImageOfPage\":{\"@id\":\"https:\\\/\\\/www.alpstransfers-cab.com\\\/en\\\/chatel-les-portes-du-soleil-shuttle-and-private-chauffeur-for-your-trips\\\/#primaryimage\"},\"image\":{\"@id\":\"https:\\\/\\\/www.alpstransfers-cab.com\\\/en\\\/chatel-les-portes-du-soleil-shuttle-and-private-chauffeur-for-your-trips\\\/#primaryimage\"},\"thumbnailUrl\":\"https:\\\/\\\/www.alpstransfers-cab.com\\\/wp-content\\\/uploads\\\/2024\\\/11\\\/freepik__the-style-is-candid-image-photography-with-natural__32086.png\",\"datePublished\":\"2024-11-23T20:03:07+00:00\",\"dateModified\":\"2026-02-21T05:31:28+00:00\",\"author\":{\"@id\":\"https:\\\/\\\/www.alpstransfers-cab.com\\\/en\\\/#\\\/schema\\\/person\\\/eeb328e28d6e9d34157324bb0cfe3915\"},\"breadcrumb\":{\"@id\":\"https:\\\/\\\/www.alpstransfers-cab.com\\\/en\\\/chatel-les-portes-du-soleil-shuttle-and-private-chauffeur-for-your-trips\\\/#breadcrumb\"},\"inLanguage\":\"en-US\",\"potentialAction\":[{\"@type\":\"ReadAction\",\"target\":[\"https:\\\/\\\/www.alpstransfers-cab.com\\\/en\\\/chatel-les-portes-du-soleil-shuttle-and-private-chauffeur-for-your-trips\\\/\"]}]},{\"@type\":\"ImageObject\",\"inLanguage\":\"en-US\",\"@id\":\"https:\\\/\\\/www.alpstransfers-cab.com\\\/en\\\/chatel-les-portes-du-soleil-shuttle-and-private-chauffeur-for-your-trips\\\/#primaryimage\",\"url\":\"https:\\\/\\\/www.alpstransfers-cab.com\\\/wp-content\\\/uploads\\\/2024\\\/11\\\/freepik__the-style-is-candid-image-photography-with-natural__32086.png\",\"contentUrl\":\"https:\\\/\\\/www.alpstransfers-cab.com\\\/wp-content\\\/uploads\\\/2024\\\/11\\\/freepik__the-style-is-candid-image-photography-with-natural__32086.png\",\"width\":1024,\"height\":1024},{\"@type\":\"BreadcrumbList\",\"@id\":\"https:\\\/\\\/www.alpstransfers-cab.com\\\/en\\\/chatel-les-portes-du-soleil-shuttle-and-private-chauffeur-for-your-trips\\\/#breadcrumb\",\"itemListElement\":[{\"@type\":\"ListItem\",\"position\":1,\"name\":\"Accueil\",\"item\":\"https:\\\/\\\/www.alpstransfers-cab.com\\\/en\\\/\"},{\"@type\":\"ListItem\",\"position\":2,\"name\":\"Ch\u00e2tel &#8211; Les Portes du Soleil : Shuttle and Private Chauffeur for your trips\"}]},{\"@type\":\"WebSite\",\"@id\":\"https:\\\/\\\/www.alpstransfers-cab.com\\\/en\\\/#website\",\"url\":\"https:\\\/\\\/www.alpstransfers-cab.com\\\/en\\\/\",\"name\":\"Alps Transfers Cab\",\"description\":\"Alpes Transfert Cab Service VTC\",\"potentialAction\":[{\"@type\":\"SearchAction\",\"target\":{\"@type\":\"EntryPoint\",\"urlTemplate\":\"https:\\\/\\\/www.alpstransfers-cab.com\\\/en\\\/?s={search_term_string}\"},\"query-input\":{\"@type\":\"PropertyValueSpecification\",\"valueRequired\":true,\"valueName\":\"search_term_string\"}}],\"inLanguage\":\"en-US\"},{\"@type\":\"Person\",\"@id\":\"https:\\\/\\\/www.alpstransfers-cab.com\\\/en\\\/#\\\/schema\\\/person\\\/eeb328e28d6e9d34157324bb0cfe3915\",\"name\":\"contact@alpstransfers-cab.com\",\"image\":{\"@type\":\"ImageObject\",\"inLanguage\":\"en-US\",\"@id\":\"https:\\\/\\\/secure.gravatar.com\\\/avatar\\\/46c2ae809f64848daea8dbd617059d0b560238735ed5e55e58113720cc93c13f?s=96&d=mm&r=g\",\"url\":\"https:\\\/\\\/secure.gravatar.com\\\/avatar\\\/46c2ae809f64848daea8dbd617059d0b560238735ed5e55e58113720cc93c13f?s=96&d=mm&r=g\",\"contentUrl\":\"https:\\\/\\\/secure.gravatar.com\\\/avatar\\\/46c2ae809f64848daea8dbd617059d0b560238735ed5e55e58113720cc93c13f?s=96&d=mm&r=g\",\"caption\":\"contact@alpstransfers-cab.com\"},\"url\":\"https:\\\/\\\/www.alpstransfers-cab.com\\\/en\\\/author\\\/contactalpstransfers-cab-com\\\/\"}]}<\/script>\n<!-- \/ Yoast SEO plugin. -->","yoast_head_json":{"title":"Ch\u00e2tel - Les Portes du Soleil : Shuttle and Private Chauffeur for your trips - Alps Transfers Cab","robots":{"index":"index","follow":"follow","max-snippet":"max-snippet:-1","max-image-preview":"max-image-preview:large","max-video-preview":"max-video-preview:-1"},"canonical":"https:\/\/www.alpstransfers-cab.com\/en\/chatel-les-portes-du-soleil-shuttle-and-private-chauffeur-for-your-trips\/","og_locale":"en_US","og_type":"article","og_title":"Ch\u00e2tel - Les Portes du Soleil : Shuttle and Private Chauffeur for your trips - Alps Transfers Cab","og_description":"Ch\u00e2tel Shuttle and Private Chauffeur &#8211; Explore Les Portes du Soleil in Comfort Ch\u00e2tel, located in the magnificent Haute-Savoie region, [&hellip;]","og_url":"https:\/\/www.alpstransfers-cab.com\/en\/chatel-les-portes-du-soleil-shuttle-and-private-chauffeur-for-your-trips\/","og_site_name":"Alps Transfers Cab","article_published_time":"2024-11-23T20:03:07+00:00","article_modified_time":"2026-02-21T05:31:28+00:00","og_image":[{"width":1024,"height":1024,"url":"https:\/\/www.alpstransfers-cab.com\/wp-content\/uploads\/2024\/11\/freepik__the-style-is-candid-image-photography-with-natural__32086.png","type":"image\/png"}],"author":"contact@alpstransfers-cab.com","twitter_card":"summary_large_image","twitter_misc":{"Written by":"contact@alpstransfers-cab.com","Est. reading time":"13 minutes"},"schema":{"@context":"https:\/\/schema.org","@graph":[{"@type":"Article","@id":"https:\/\/www.alpstransfers-cab.com\/en\/chatel-les-portes-du-soleil-shuttle-and-private-chauffeur-for-your-trips\/#article","isPartOf":{"@id":"https:\/\/www.alpstransfers-cab.com\/en\/chatel-les-portes-du-soleil-shuttle-and-private-chauffeur-for-your-trips\/"},"author":{"name":"contact@alpstransfers-cab.com","@id":"https:\/\/www.alpstransfers-cab.com\/en\/#\/schema\/person\/eeb328e28d6e9d34157324bb0cfe3915"},"headline":"Ch\u00e2tel &#8211; Les Portes du Soleil : Shuttle and Private Chauffeur for your trips","datePublished":"2024-11-23T20:03:07+00:00","dateModified":"2026-02-21T05:31:28+00:00","mainEntityOfPage":{"@id":"https:\/\/www.alpstransfers-cab.com\/en\/chatel-les-portes-du-soleil-shuttle-and-private-chauffeur-for-your-trips\/"},"wordCount":2214,"commentCount":0,"image":{"@id":"https:\/\/www.alpstransfers-cab.com\/en\/chatel-les-portes-du-soleil-shuttle-and-private-chauffeur-for-your-trips\/#primaryimage"},"thumbnailUrl":"https:\/\/www.alpstransfers-cab.com\/wp-content\/uploads\/2024\/11\/freepik__the-style-is-candid-image-photography-with-natural__32086.png","articleSection":["VTC Blog"],"inLanguage":"en-US","potentialAction":[{"@type":"CommentAction","name":"Comment","target":["https:\/\/www.alpstransfers-cab.com\/en\/chatel-les-portes-du-soleil-shuttle-and-private-chauffeur-for-your-trips\/#respond"]}]},{"@type":"WebPage","@id":"https:\/\/www.alpstransfers-cab.com\/en\/chatel-les-portes-du-soleil-shuttle-and-private-chauffeur-for-your-trips\/","url":"https:\/\/www.alpstransfers-cab.com\/en\/chatel-les-portes-du-soleil-shuttle-and-private-chauffeur-for-your-trips\/","name":"Ch\u00e2tel - Les Portes du Soleil : Shuttle and Private Chauffeur for your trips - Alps Transfers Cab","isPartOf":{"@id":"https:\/\/www.alpstransfers-cab.com\/en\/#website"},"primaryImageOfPage":{"@id":"https:\/\/www.alpstransfers-cab.com\/en\/chatel-les-portes-du-soleil-shuttle-and-private-chauffeur-for-your-trips\/#primaryimage"},"image":{"@id":"https:\/\/www.alpstransfers-cab.com\/en\/chatel-les-portes-du-soleil-shuttle-and-private-chauffeur-for-your-trips\/#primaryimage"},"thumbnailUrl":"https:\/\/www.alpstransfers-cab.com\/wp-content\/uploads\/2024\/11\/freepik__the-style-is-candid-image-photography-with-natural__32086.png","datePublished":"2024-11-23T20:03:07+00:00","dateModified":"2026-02-21T05:31:28+00:00","author":{"@id":"https:\/\/www.alpstransfers-cab.com\/en\/#\/schema\/person\/eeb328e28d6e9d34157324bb0cfe3915"},"breadcrumb":{"@id":"https:\/\/www.alpstransfers-cab.com\/en\/chatel-les-portes-du-soleil-shuttle-and-private-chauffeur-for-your-trips\/#breadcrumb"},"inLanguage":"en-US","potentialAction":[{"@type":"ReadAction","target":["https:\/\/www.alpstransfers-cab.com\/en\/chatel-les-portes-du-soleil-shuttle-and-private-chauffeur-for-your-trips\/"]}]},{"@type":"ImageObject","inLanguage":"en-US","@id":"https:\/\/www.alpstransfers-cab.com\/en\/chatel-les-portes-du-soleil-shuttle-and-private-chauffeur-for-your-trips\/#primaryimage","url":"https:\/\/www.alpstransfers-cab.com\/wp-content\/uploads\/2024\/11\/freepik__the-style-is-candid-image-photography-with-natural__32086.png","contentUrl":"https:\/\/www.alpstransfers-cab.com\/wp-content\/uploads\/2024\/11\/freepik__the-style-is-candid-image-photography-with-natural__32086.png","width":1024,"height":1024},{"@type":"BreadcrumbList","@id":"https:\/\/www.alpstransfers-cab.com\/en\/chatel-les-portes-du-soleil-shuttle-and-private-chauffeur-for-your-trips\/#breadcrumb","itemListElement":[{"@type":"ListItem","position":1,"name":"Accueil","item":"https:\/\/www.alpstransfers-cab.com\/en\/"},{"@type":"ListItem","position":2,"name":"Ch\u00e2tel &#8211; Les Portes du Soleil : Shuttle and Private Chauffeur for your trips"}]},{"@type":"WebSite","@id":"https:\/\/www.alpstransfers-cab.com\/en\/#website","url":"https:\/\/www.alpstransfers-cab.com\/en\/","name":"Alps Transfers Cab","description":"Alpes Transfert Cab Service VTC","potentialAction":[{"@type":"SearchAction","target":{"@type":"EntryPoint","urlTemplate":"https:\/\/www.alpstransfers-cab.com\/en\/?s={search_term_string}"},"query-input":{"@type":"PropertyValueSpecification","valueRequired":true,"valueName":"search_term_string"}}],"inLanguage":"en-US"},{"@type":"Person","@id":"https:\/\/www.alpstransfers-cab.com\/en\/#\/schema\/person\/eeb328e28d6e9d34157324bb0cfe3915","name":"contact@alpstransfers-cab.com","image":{"@type":"ImageObject","inLanguage":"en-US","@id":"https:\/\/secure.gravatar.com\/avatar\/46c2ae809f64848daea8dbd617059d0b560238735ed5e55e58113720cc93c13f?s=96&d=mm&r=g","url":"https:\/\/secure.gravatar.com\/avatar\/46c2ae809f64848daea8dbd617059d0b560238735ed5e55e58113720cc93c13f?s=96&d=mm&r=g","contentUrl":"https:\/\/secure.gravatar.com\/avatar\/46c2ae809f64848daea8dbd617059d0b560238735ed5e55e58113720cc93c13f?s=96&d=mm&r=g","caption":"contact@alpstransfers-cab.com"},"url":"https:\/\/www.alpstransfers-cab.com\/en\/author\/contactalpstransfers-cab-com\/"}]}},"_links":{"self":[{"href":"https:\/\/www.alpstransfers-cab.com\/en\/wp-json\/wp\/v2\/posts\/3075","targetHints":{"allow":["GET"]}}],"collection":[{"href":"https:\/\/www.alpstransfers-cab.com\/en\/wp-json\/wp\/v2\/posts"}],"about":[{"href":"https:\/\/www.alpstransfers-cab.com\/en\/wp-json\/wp\/v2\/types\/post"}],"author":[{"embeddable":true,"href":"https:\/\/www.alpstransfers-cab.com\/en\/wp-json\/wp\/v2\/users\/2"}],"replies":[{"embeddable":true,"href":"https:\/\/www.alpstransfers-cab.com\/en\/wp-json\/wp\/v2\/comments?post=3075"}],"version-history":[{"count":22,"href":"https:\/\/www.alpstransfers-cab.com\/en\/wp-json\/wp\/v2\/posts\/3075\/revisions"}],"predecessor-version":[{"id":17930,"href":"https:\/\/www.alpstransfers-cab.com\/en\/wp-json\/wp\/v2\/posts\/3075\/revisions\/17930"}],"wp:featuredmedia":[{"embeddable":true,"href":"https:\/\/www.alpstransfers-cab.com\/en\/wp-json\/wp\/v2\/media\/9155"}],"wp:attachment":[{"href":"https:\/\/www.alpstransfers-cab.com\/en\/wp-json\/wp\/v2\/media?parent=3075"}],"wp:term":[{"taxonomy":"category","embeddable":true,"href":"https:\/\/www.alpstransfers-cab.com\/en\/wp-json\/wp\/v2\/categories?post=3075"},{"taxonomy":"post_tag","embeddable":true,"href":"https:\/\/www.alpstransfers-cab.com\/en\/wp-json\/wp\/v2\/tags?post=3075"}],"curies":[{"name":"wp","href":"https:\/\/api.w.org\/{rel}","templated":true}]}}