{"id":8270,"date":"2025-06-25T17:30:08","date_gmt":"2025-06-25T16:30:08","guid":{"rendered":"https:\/\/www.alpstransfers-cab.com\/cab-annecy-and-alternatives\/"},"modified":"2026-02-20T17:09:14","modified_gmt":"2026-02-20T16:09:14","slug":"getting-around-annecy-taxi-annecy-or-private-chauffeur-which-solution-should-you-choose","status":"publish","type":"post","link":"https:\/\/www.alpstransfers-cab.com\/en\/getting-around-annecy-taxi-annecy-or-private-chauffeur-which-solution-should-you-choose\/","title":{"rendered":"Getting around Annecy: Taxi Annecy or private chauffeur, which solution should you choose?"},"content":{"rendered":"\n<h2 class=\"wp-block-heading\">Cab or VTC in Annecy: Which solution for your journeys in Greater Annecy?<\/h2>\n\n\n\n<p>Situated between lake and mountains, the Greater Annecy Conurbation brings together 34 dynamic communes in Haute-Savoie, offering an exceptional living environment in the heart of the Alps. With the city of Annecy at its heart, this agglomeration enjoys a strategic position close to Geneva, Chamb\u00e9ry and emblematic ski resorts. It&#8217;s an ideal crossroads for business, tourism and everyday travel.  <\/p>\n\n\n\n<p>The <strong><a href=\"https:\/\/www.grandannecy.fr\/\">Greater Annecy Agglomeration Community<\/a><\/strong> : an organization serving the territory Since 2017, Greater Annecy has brought together no less than 34 communes around a shared vision of sustainable development, soft mobility and access to efficient public services.<\/p>\n\n\n\n<p>\u26fd\ufe0f <strong>Taxi Annecy or VTC and surrounding towns: which solution should you choose?<\/strong><br>Getting around Greater Annecy can vary according to your needs: transfers to Geneva train station or airport, access to ski resorts, sightseeing, business appointments or private outings, or even connecting from <strong>Paris Gare de Lyon<\/strong>. Here&#8217;s a comparison of the two main solutions: traditional cab or VTC driver. <\/p>\n\n\n\n<p>\ud83d\ude96 <strong>Taxi: the traditional solution, but with certain limitations<\/strong><br>Taxis are present in Greater Annecy and have pricing regulated by the prefecture. They can be hailed on the public highway or booked by telephone. However, availability may be limited by time and location. Understanding the <strong><a href=\"https:\/\/www.guide-auto.com\/raisons-preferer-vtc-taxi-gare-de-lyon\/\">differences between Taxi and VTC drivers<\/a><\/strong> will help you choose the service best suited to your needs and journeys, including transfers to and from <strong><a href=\"https:\/\/www.firstclasspartner-vtc.fr\/gare-de-lyon-votre-acces-direct-vers-lyon-annecy-geneve-barcelone-milan-et-le-sud-mediterraneen\/\">Paris Gare de Lyon<\/a><\/strong>.   <\/p>\n\n\n\n<p><strong>Advantages :<\/strong><\/p>\n\n\n\n<ul class=\"wp-block-list\">\n<li>Regulated fare (<strong><a href=\"https:\/\/www.alpstransfers-cab.com\/prix-des-taxis\/\">cab meter price<\/a><\/strong>)<\/li>\n\n\n\n<li>Access to reserved lanes and stations\/airports<\/li>\n\n\n\n<li>Potential immediate downtown availability<\/li>\n<\/ul>\n\n\n\n<p><strong>Disadvantages :<\/strong><\/p>\n\n\n\n<ul class=\"wp-block-list\">\n<li>Variable waiting time<\/li>\n\n\n\n<li>Fares subject to timetable and traffic<\/li>\n\n\n\n<li>Uneven on-board comfort and services<\/li>\n<\/ul>\n\n\n\n<p>\ud83d\ude98 VTC: a high-end, made-to-measure alternative Les <strong><a href=\"https:\/\/www.alpstransfers-cab.com\/taxi-ou-vtc-choisir-le-choisir-prive-a-annecy\/\">VTC<\/a><\/strong> (Voitures de Transport avec Chauffeur) like those from First Class Partner, offer a personalized, upscale, pre-bookable transportation experience. Clear pricing, superior comfort and flexibility are their major assets. <\/p>\n\n\n\n<p><strong>Advantages :<\/strong><\/p>\n\n\n\n<ul class=\"wp-block-list\">\n<li>Reservations 24 hours a day, 7 days a week<\/li>\n\n\n\n<li>Fixed rates announced in advance<\/li>\n\n\n\n<li>Premium comfort (sedans, vans, Wi-Fi, water, chargers)<\/li>\n\n\n\n<li>Professional services (billing, personalized reception, child seats)<\/li>\n\n\n\n<li>Available at home or at a location of your choice<\/li>\n<\/ul>\n\n\n\n<p><strong>Disadvantages :<\/strong><\/p>\n\n\n\n<ul class=\"wp-block-list\">\n<li>Advance booking required<\/li>\n\n\n\n<li>Not authorized to loiter on public roads<\/li>\n<\/ul>\n\n\n\n<div class=\"wp-block-buttons is-layout-flex wp-block-buttons-is-layout-flex\">\n<div class=\"wp-block-button\"><a class=\"wp-block-button__link wp-element-button\" href=\"https:\/\/www.alpstransfers-cab.com\/taxi-ou-vtc-quel-moyen-de-transport-choisir\/\">Cab or VTC: Which means of transport should you choose?  <\/a><\/div>\n<\/div>\n\n\n\n<h3 class=\"wp-block-heading\">\ud83d\udd17 Related articles<\/h3>\n\n\n\n<ul class=\"wp-block-list\">\n<li><a href=\"https:\/\/www.voiture-valk.fr\/quelles-sont-les-differences-entre-chauffeur-taxi-et-chauffeur-vtc\/\"><strong>What are the differences between Taxi and VTC drivers?<\/strong><\/a><\/li>\n<\/ul>\n\n\n\n<ul class=\"wp-block-list\">\n<li><a href=\"https:\/\/www.annecy-ville.fr\/2025\/04\/comment-aller-aeroport-geneve-depuis-annecy-ou-se-garer\/\"><strong>How do I get to Geneva airport from Annecy and where can I park? Parking lots and shuttles<\/strong><\/a><\/li>\n<\/ul>\n\n\n\n<ul class=\"wp-block-list\">\n<li><a href=\"https:\/\/www.appartementcourchevel.com\/sejour-ski\/pourquoi-choisir-service-vtc-pour-seminaires-sejours-affaires-a-courchevel\/\"><strong>Optimize your business travel in Courchevel: Why choose a VTC service for your seminars and business trips?<\/strong><\/a><\/li>\n<\/ul>\n\n\n\n<ul class=\"wp-block-list\">\n<li><a href=\"https:\/\/www.alpstransfers-cab.com\/en\/geneva-international-airport-private-shuttle-and-chauffeur-tailored-to-your-needs\/\"><strong>Geneva International Airport: Private Shuttle and Chauffeur Tailored to Your Needs<\/strong><\/a><\/li>\n<\/ul>\n\n\n\n<p>\ud83d\udd0d Express comparison: Taxi vs VTC in Annecy<\/p>\n\n\n\n<figure class=\"wp-block-table\"><table class=\"has-fixed-layout\"><tbody><tr><th>Need<\/th><th>Cab<\/th><th>VTC<\/th><\/tr><tr><td>Geneva airport transfer<\/td><td>\u2705 Yes (subject to availability)<\/td><td>\u2705 Yes, with premium service<\/td><\/tr><tr><td>Ski resort access<\/td><td>\u274c Non-specialized<\/td><td>\u2705 Comfortable, tailor-made journeys<\/td><\/tr><tr><td>Private evening out<\/td><td>\u274c Random availability<\/td><td>\u2705 24\/7 service on reservation<\/td><\/tr><tr><td>Business trip<\/td><td>\u274c Standard<\/td><td>\u2705 Punctuality, discretion, comfort<\/td><\/tr><tr><td>Customized sightseeing tours<\/td><td>\u274c Rarely offered<\/td><td>\u2705 Yes, with local driver<\/td><\/tr><\/tbody><\/table><\/figure>\n\n\n\n<h2 class=\"wp-block-heading\">\ud83c\udfe0 The 34 communes of Greater Annecy served by First Class Partner<\/h2>\n\n\n\n<p>Alby-sur-Ch\u00e9ran, All\u00e8ves, <strong><a href=\"https:\/\/www.alpstransfers-cab.com\/en\/transfer-private-chauffeur-vtc-annecy-sncf-train-station\/\">Annecy<\/a><\/strong>, Argonay, Bluffy, Chainaz-les-Frasses, Chapeiry, Charvonnex, Chavanod, Cusy, Duingt, Entrevernes, \u00c9pagny-Metz-Tessy, Filli\u00e8re, Groisy, Gruffy, H\u00e9ry-sur-Alby, La Chapelle-Saint-Maurice, Leschaux, Menthon-Saint-Bernard, Montagny-les-Lanches, M\u00fbres, N\u00e2ves-Parmelan, Poisy, Quintal, Saint-Eustache, Saint-F\u00e9lix, Saint-Jorioz, Saint-Sylvestre, S\u00e9vrier, Talloires-Montmin, Veyrier-du-Lac, Villaz, Viuz-la-Chi\u00e9saz.<\/p>\n\n\n\n<p>\ud83c\udf10 Our VTC services in Greater Annecy<\/p>\n\n\n\n<ul class=\"wp-block-list\">\n<li>Airport transfers (<strong><a href=\"https:\/\/www.alpstransfers-cab.com\/en\/transfer-private-chauffeur-vtc-geneva-airport\/\">Geneva<\/a><\/strong>, <strong><a href=\"https:\/\/www.alpstransfers-cab.com\/en\/transfer-private-chauffeur-vtc-lyon-saint-exupery-airport\/\">Lyon<\/a><\/strong>, <strong><a href=\"https:\/\/www.alpstransfers-cab.com\/en\/transfer-private-chauffeur-vtc-airport-chambery-savoie-mont-blanc\/\">Chamb\u00e9ry<\/a><\/strong>, <strong><a href=\"https:\/\/www.alpstransfers-cab.com\/en\/transfer-private-chauffeur-vtc-grenoble-alpes-isere-airport\/\">Grenoble<\/a><\/strong>)<\/li>\n\n\n\n<li>Routes to TGV stations (Annecy, Aix-les-Bains, Geneva Cornavin)<\/li>\n\n\n\n<li>Travel to ski resorts (La Clusaz, Le Grand-Bornand, <strong><a href=\"https:\/\/www.alpstransfers-cab.com\/en\/transfer-private-chauffeur-vtc-megeve\/\">Meg\u00e8ve<\/a><\/strong>)<\/li>\n\n\n\n<li>Sightseeing tours around Lake Annecy, the Semnoz, the old town, etc.<\/li>\n\n\n\n<li>Available for weddings, events or seminars<\/li>\n\n\n\n<li>Transport for companies, public authorities, hotels and VIP customers<\/li>\n<\/ul>\n\n\n\n<h3 class=\"wp-block-heading\">Read also : <a href=\"https:\/\/www.alpstransfers-cab.com\/en\/annecy-weather-why-choose-a-private-chauffeur-in-annecy-for-your-shuttles-and-transfers-in-haute-savoie-and-savoie\/\"><strong>Annecy weather, why choose a private chauffeur in Annecy for your shuttles and transfers in Haute-Savoie and Savoie<\/strong><\/a><\/h3>\n\n\n\n<figure class=\"wp-block-image aligncenter size-large\"><img fetchpriority=\"high\" decoding=\"async\" width=\"1024\" height=\"682\" src=\"https:\/\/www.alpstransfers-cab.com\/wp-content\/uploads\/2026\/01\/freepik__upload__96179-1024x682.jpeg\" alt=\"\" class=\"wp-image-11548\" srcset=\"https:\/\/www.alpstransfers-cab.com\/wp-content\/uploads\/2026\/01\/freepik__upload__96179-1024x682.jpeg 1024w, https:\/\/www.alpstransfers-cab.com\/wp-content\/uploads\/2026\/01\/freepik__upload__96179-300x200.jpeg 300w, https:\/\/www.alpstransfers-cab.com\/wp-content\/uploads\/2026\/01\/freepik__upload__96179-768x512.jpeg 768w, https:\/\/www.alpstransfers-cab.com\/wp-content\/uploads\/2026\/01\/freepik__upload__96179-1536x1024.jpeg 1536w, https:\/\/www.alpstransfers-cab.com\/wp-content\/uploads\/2026\/01\/freepik__upload__96179-600x400.jpeg 600w, https:\/\/www.alpstransfers-cab.com\/wp-content\/uploads\/2026\/01\/freepik__upload__96179.jpeg 2000w\" sizes=\"(max-width: 1024px) 100vw, 1024px\" \/><\/figure>\n\n\n\n<hr class=\"wp-block-separator has-alpha-channel-opacity\"\/>\n\n\n\n<h2 class=\"wp-block-heading\">\ud83d\udece\ufe0f FAQ &#8211; VTC driver in Annecy | FIRST CLASS PARTNER<\/h2>\n\n\n\n<p>Would you like to book a <strong>VTC driver in Annecy<\/strong> and have some questions? Find here the most frequently asked questions about our private transportation services in Annecy, around the lake and to the Alps. <\/p>\n\n\n\n<p>\u2753 <strong>Can I book a VTC in Annecy for a round trip during the day?<\/strong><br>\u2705 Yes. We offer <strong>round trips from Annecy<\/strong>, with the <strong>option of waiting<\/strong> or <strong>hourly provision<\/strong>, depending on your needs. <\/p>\n\n\n\n<p>\u2753 <strong>Are VTCs in Annecy available early in the morning or late at night?<\/strong><br>\u2705 Yes. Our VTC service in Annecy is available <strong>24\/7<\/strong>, exclusively by reservation. <\/p>\n\n\n\n<p>\u2753 <strong>Do you offer car seats for children in Annecy?<\/strong><br>\u2705 Yes. <strong>Baby seats and booster seats<\/strong> are available on request when you make your VTC reservation in Annecy. <\/p>\n\n\n\n<p>\u2753 <strong>Do you provide transfers from Annecy to Geneva, Lyon or Chamb\u00e9ry?<\/strong><br>\u2705 Absolutely. We provide <strong>long-distance transfers from Annecy<\/strong> to <strong>airports and train stations in Geneva, Lyon and Chamb\u00e9ry<\/strong>, as well as the entire Alpine region. <\/p>\n\n\n\n<p>\u2753 <strong>Do you offer VTC packages for companies or hotels in Annecy?<\/strong><br>\u2705 Yes. We offer <strong>professional packages in Annecy<\/strong> with <strong>monthly billing<\/strong>, suitable for companies, hotels, conciergeries and events. <\/p>\n\n\n\n<p>\u2753 <strong>What payment methods do you accept for a VTC in Annecy?<\/strong><br>\u2705 All payment methods are accepted: <strong>credit card, bank transfer, secure remote payment<\/strong>.<\/p>\n\n\n\n<p>\u2753 <strong>Is the price of a VTC in Annecy known in advance?<\/strong><br>\u2705 Yes. The <strong>price is fixed and communicated at the time of booking<\/strong>, with no hidden charges. <\/p>\n\n\n\n<p>\u2753 <strong>Are the vehicles adapted to the mountain roads around Annecy?<\/strong><br>\u2705 Yes. Our vehicles are <strong>equipped for winter conditions<\/strong> and perfectly suited to Alpine roads. <\/p>\n\n\n\n<p>\u2753 <strong>Can I transport bulky luggage or ski equipment from Annecy?<\/strong><br>\u2705 Yes. Simply specify this when booking so that we can provide a <strong>suitable vehicle<\/strong>. <\/p>\n\n\n\n<p>\u2753 <strong>Do VTC drivers in Annecy speak English?<\/strong><br>\u2705 Yes. Our drivers speak <strong>French and English<\/strong>, with other languages available on request. <\/p>\n\n\n\n<p>\u2753 <strong>Can I modify or cancel my VTC reservation in Annecy?<\/strong><br>\u2705 Yes. The <strong>conditions of modification and cancellation<\/strong> are communicated to you at the time of confirmation. <\/p>\n\n\n\n<p><\/p>\n\n\n\n<p><\/p>\n\n\n\n<figure class=\"wp-block-image aligncenter size-full\"><img decoding=\"async\" width=\"1024\" height=\"1024\" src=\"https:\/\/www.alpstransfers-cab.com\/wp-content\/uploads\/2025\/07\/freepik__the-style-is-candid-image-photography-with-natural__27677-1.png\" alt=\"\" class=\"wp-image-8832\" srcset=\"https:\/\/www.alpstransfers-cab.com\/wp-content\/uploads\/2025\/07\/freepik__the-style-is-candid-image-photography-with-natural__27677-1.png 1024w, https:\/\/www.alpstransfers-cab.com\/wp-content\/uploads\/2025\/07\/freepik__the-style-is-candid-image-photography-with-natural__27677-1-300x300.png 300w, https:\/\/www.alpstransfers-cab.com\/wp-content\/uploads\/2025\/07\/freepik__the-style-is-candid-image-photography-with-natural__27677-1-150x150.png 150w, https:\/\/www.alpstransfers-cab.com\/wp-content\/uploads\/2025\/07\/freepik__the-style-is-candid-image-photography-with-natural__27677-1-768x768.png 768w, https:\/\/www.alpstransfers-cab.com\/wp-content\/uploads\/2025\/07\/freepik__the-style-is-candid-image-photography-with-natural__27677-1-600x600.png 600w, https:\/\/www.alpstransfers-cab.com\/wp-content\/uploads\/2025\/07\/freepik__the-style-is-candid-image-photography-with-natural__27677-1-100x100.png 100w\" sizes=\"(max-width: 1024px) 100vw, 1024px\" \/><\/figure>\n\n\n\n<p><\/p>\n\n\n\n<h3 class=\"wp-block-heading\">\ud83d\udcc5 In short: your private chauffeur in Annecy, with complete peace of mind<\/h3>\n\n\n\n<p>For all your travel needs in <strong>Annecy<\/strong> and throughout the <strong>34 communes of Greater Annecy<\/strong>, <strong>FIRST CLASS PARTNER<\/strong> offers you a <strong>top-of-the-range VTC<\/strong> service, combining comfort, reliability and discretion. Airport transfer, mountain getaway, business meeting or private moment: each journey is carefully organized to offer you a smooth, stress-free experience. <\/p>\n\n\n\n<p>Travel with peace of mind with a <strong>professional, punctual and attentive chauffeur<\/strong> in elegant, perfectly maintained vehicles. We adapt to your schedules, constraints and requirements for a truly tailor-made service. <\/p>\n\n\n\n<h2 class=\"wp-block-heading\">Book your VTC driver in Annecy &#8211; Comfort, Reliability and Tailor-made Service<\/h2>\n\n\n\n<p>\ud83d\udc49 <strong>Book your private chauffeur in Annecy now<\/strong> and ensure <strong>optimal pick-up<\/strong>, even during periods of high demand or sensitive schedules (early mornings, late evenings, weekends and public holidays).<\/p>\n\n\n\n<p>By booking in advance with <strong>FIRST CLASS PARTNER<\/strong>, you benefit from a <strong>reliable, punctual and tailor-made service<\/strong>, adapted to your business or private trips, your transfers to airports and stations, or your excursions in the Alpine region.<\/p>\n\n\n\n<p>\ud83d\udcde <strong>Contact &amp; Booking &#8211; FIRST CLASS PARTNER | VTC Grand Annecy<\/strong><br>Our team is at your service to advise you and organize your trips in complete transparency, with a <strong>clear rate announced in advance<\/strong>, with no nasty surprises.<\/p>\n\n\n\n<p>\ud83d\ude98 <strong>Travel with peace of mind, we&#8217;ll take care of the rest.<\/strong><\/p>\n\n\n\n<p>\ud83d\udcf1 Telephone: <strong><a href=\"tel:+33782877445\"><\/a><strong><strong><a href=\"tel:+33782877445\"><strong>+33 (0)7 82 87 74 45<\/strong><\/a><\/strong><\/strong><\/strong> (Call\/SMS\/WhatsApp)<\/p>\n\n\n\n<p>\ud83d\udce7 E-mail : <strong><a href=\"https:\/\/www.alpstransfers-cab.com\/en\/contact\/\">contact@alpstransfers-cab.com<\/a><\/strong> <\/p>\n\n\n\n<p>\ud83c\udf10 Site : <a href=\"https:\/\/www.alpstransfers-cab.com\/en\/\"><strong>www.alpstransfers-cab.com<\/strong><\/a><\/p>\n\n\n\n<p><a href=\"https:\/\/www.alpstransfers-cab.com\/en\/transfer-private-chauffeur-vtc-annecy-sncf-train-station\/\"><strong>Book a private chauffeur in Annecy<\/strong><\/a><\/p>\n\n\n\n<p>The First Class Partner team<\/p>\n\n\n\n<figure class=\"wp-block-embed is-type-wp-embed is-provider-alps-transfers-cab wp-block-embed-alps-transfers-cab\"><div class=\"wp-block-embed__wrapper\">\n<blockquote class=\"wp-embedded-content\" data-secret=\"7bup9rMRdJ\"><a href=\"https:\/\/www.alpstransfers-cab.com\/en\/\">Home<\/a><\/blockquote><iframe class=\"wp-embedded-content\" sandbox=\"allow-scripts\" security=\"restricted\" style=\"position: absolute; visibility: hidden;\" title=\"&#8220;Home&#8221; &#8212; Alps Transfers Cab\" src=\"https:\/\/www.alpstransfers-cab.com\/en\/embed\/#?secret=J95bYAGUIN#?secret=7bup9rMRdJ\" data-secret=\"7bup9rMRdJ\" width=\"500\" height=\"282\" frameborder=\"0\" marginwidth=\"0\" marginheight=\"0\" scrolling=\"no\"><\/iframe>\n<\/div><\/figure>\n\n\n\n<hr class=\"wp-block-separator has-alpha-channel-opacity\"\/>\n\n\n\n<p><strong>Latest Blog Posts :<\/strong><\/p>\n\n\n\n<ul class=\"wp-block-list\">\n<li><a href=\"https:\/\/www.alpstransfers-cab.com\/reserver-un-chauffeur-prive-vers-laeroport-international-de-geneve-au-moins-8-jours-a-lavance\/\"><strong>Why book a Private Chauffeur to Geneva International Airport at least 8 days in advance?<\/strong><\/a><\/li>\n\n\n\n<li><a href=\"https:\/\/www.alpstransfers-cab.com\/decouvrez-des-raisons-convaincantes-dopter-pour-un-chauffeur-prive-pour-vos-transferts-depuis-laeroport-dannecy-mont-blanc\/\"><strong>Opt for a Private Chauffeur for your transfers from Annecy Mont-Blanc Airport<\/strong><\/a><\/li>\n\n\n\n<li><a href=\"https:\/\/www.alpstransfers-cab.com\/reserver-un-transfert-au-depart-de-la-gare-tgv-de-sallanches-combloux-megeve\/\"><strong>Book a Transfer from Sallanches-Combloux-Meg\u00e8ve TGV Station<\/strong><\/a><\/li>\n\n\n\n<li><a href=\"https:\/\/www.alpstransfers-cab.com\/chauffeur-prive-a-megeve-lessentiel-pour-un-sejour-inoubliable\/\"><strong>Private chauffeur in Meg\u00e8ve: the essentials for an unforgettable stay<\/strong><\/a><\/li>\n\n\n\n<li><a href=\"https:\/\/www.alpstransfers-cab.com\/en\/geneva-cornavin-station-a-strategic-transport-hub-between-switzerland-and-the-french-alps\/\"><strong>Geneva Cornavin station: a strategic transport hub between Switzerland and the French Alps<\/strong><\/a><\/li>\n\n\n\n<li><a href=\"https:\/\/www.alpstransfers-cab.com\/en\/chambery-train-station-direct-transfer-to-alpine-ski-resorts-with-private-driver\/\"><strong>Chamb\u00e9ry train station: Direct transfer to Alpine ski resorts with private driver<\/strong><\/a><\/li>\n\n\n\n<li><a href=\"https:\/\/www.alpstransfers-cab.com\/en\/aix-les-bains-train-station-gateway-to-the-wonders-of-the-alps-and-thermal-baths\/\"><strong>Aix-les-Bains station: Gateway to the wonders of the Alps and thermal baths<\/strong><\/a><\/li>\n\n\n\n<li><a href=\"https:\/\/www.alpstransfers-cab.com\/en\/albertville-station-arrival-in-the-heart-of-the-alps\/\"><strong>Albertville: station arrival in the heart of the Alps<\/strong><\/a><\/li>\n\n\n\n<li><a href=\"https:\/\/www.alpstransfers-cab.com\/en\/moutiers-shuttle-and-transfer-service-with-private-driver-to-and-from-the-railway-station-and-the-alpine-ski-resorts\/\"><strong>Mo\u00fbtiers: Shuttle and Transfer Service with Private Driver to and from the Railway Station and the Alpine Ski Resorts<\/strong><\/a><\/li>\n\n\n\n<li><a href=\"https:\/\/www.alpstransfers-cab.com\/en\/bourg-saint-maurice-train-station-shuttle-and-private-chauffeur-service-to-ski-resorts\/\"><strong>Bourg-Saint-Maurice train station &#8211; Shuttle and private chauffeur service to ski resorts<\/strong><\/a><\/li>\n\n\n\n<li><a href=\"https:\/\/www.alpstransfers-cab.com\/gare-dannecy-transfert-et-navette-avec-chauffeur-prive-pour-un-confort-et-une-serenite-optimale\/\"><strong>Annecy train station: Transfer and Shuttle with Private Chauffeur for Optimal Comfort and Serenity<\/strong><\/a><\/li>\n\n\n\n<li><a href=\"https:\/\/www.alpstransfers-cab.com\/en\/annemasse-train-station-your-ideal-starting-point-for-a-private-transfer-to-the-ski-resorts\/\"><strong>Annemasse station: your ideal starting point for a private transfer to the ski resorts<\/strong><\/a><\/li>\n\n\n\n<li><a href=\"https:\/\/www.alpstransfers-cab.com\/en\/thonon-les-bains-station-your-ideal-starting-point-for-a-private-transfer-to-the-ski-resorts\/\"><strong>Thonon-les-Bains station: your ideal starting point for a private transfer to the ski resorts<\/strong><\/a><\/li>\n\n\n\n<li><a href=\"https:\/\/www.alpstransfers-cab.com\/en\/evian-les-bains-station-your-ideal-starting-point-for-a-private-transfer-to-the-ski-resorts-of-the-french-alps\/\"><strong>\u00c9vian-les-Bains station: your ideal starting point for a private transfer to the ski resorts of the French Alps<\/strong><\/a><\/li>\n\n\n\n<li><a href=\"https:\/\/www.alpstransfers-cab.com\/en\/cluses-train-station-74-private-shuttle-and-easy-access-to-the-ski-resorts\/\"><strong>Cluses train station (74300), Haute-Savoie: Private shuttle and easy access to French Alps ski resorts<\/strong><\/a><\/li>\n\n\n\n<li><a href=\"https:\/\/www.alpstransfers-cab.com\/en\/sallanches-combloux-megeve-station-your-gateway-to-the-alps-ski-resorts\/\"><strong>Sallanches-Combloux-Meg\u00e8ve station: Your gateway to the Alps&#8217; ski resorts<\/strong><\/a><\/li>\n\n\n\n<li><a href=\"https:\/\/www.alpstransfers-cab.com\/vacances-dhiver-quelles-solutions-de-transport-prive-depuis-la-gare-tgv-de-saint-gervais-les-bains-le-fayet\/\"><strong>Winter vacations: Private transport solutions from Saint-Gervais-les-Bains Le Fayet TGV station<\/strong><\/a><\/li>\n\n\n\n<li><a href=\"https:\/\/www.alpstransfers-cab.com\/en\/chamonix-mont-blanc-train-station-guide-to-unmissable-walks-and-attractions\/\"><strong><a href=\"https:\/\/www.alpstransfers-cab.com\/en\/chamonix-mont-blanc-train-station-guide-to-unmissable-walks-and-attractions\/\"><strong>Chamonix-Mont-Blanc train station : guide to unmissable walks and attractions<\/strong><\/a><\/strong><\/a><\/li>\n\n\n\n<li><a href=\"https:\/\/www.alpstransfers-cab.com\/reserver-un-transfert-au-depart-de-la-gare-tgv-de-sallanches-combloux-megeve\/\"><strong>Book a Transfer from Sallanches-Combloux-Meg\u00e8ve TGV Station<\/strong><\/a><\/li>\n\n\n\n<li><a href=\"https:\/\/www.alpstransfers-cab.com\/decouverte-dannecy-pourquoi-choisir-un-taxi-ou-un-vtc-pour-vos-deplacements\/\"><strong>Discover Annecy: why choose a cab or VTC for your trips<\/strong><\/a><\/li>\n\n\n\n<li><a href=\"https:\/\/www.alpstransfers-cab.com\/reserver-un-chauffeur-prive-vtc-a-chamonix-mont-blanc\/\"><strong>Book a private VTC driver in Chamonix-Mont-Blanc<\/strong><\/a><\/li>\n\n\n\n<li><a href=\"https:\/\/www.alpstransfers-cab.com\/reservez-un-chauffeur-prive-pour-vos-transferts-vers-les-stations-de-ski-des-alpes-francaises\/\"><strong>Book a Shuttle for Your Transfers to Ski Resorts in the French Alps<\/strong><\/a><\/li>\n\n\n\n<li><a href=\"https:\/\/www.alpstransfers-cab.com\/reserver-un-chauffeur-prive-en-haute-savoie-guide-complet-pour-un-voyage-serein\/\"><strong>Book a Private Transport in Haute-Savoie : Complete Guide for a Peaceful Journey<\/strong><\/a><\/li>\n\n\n\n<li><a href=\"https:\/\/www.alpstransfers-cab.com\/les-meilleurs-alternatives-aux-taxis-a-chamonix-pays-du-mont-blanc-votre-guide-definitif\/\"><strong>The Best Alternatives to Taxis in Chamonix Pays du Mont-Blanc: Your Definitive Guide<\/strong><\/a><\/li>\n\n\n\n<li><a href=\"https:\/\/www.alpstransfers-cab.com\/prix-des-taxis-a-chamonix-pour-lannee-2024-guide-complet-pour-vos-deplacements\/\"><strong>Chamonix cab fares for 2024: A complete guide to getting around<\/strong><\/a><\/li>\n\n\n\n<li><a href=\"https:\/\/www.alpstransfers-cab.com\/accident-de-la-route-comment-obtenir-une-indemnisation-face-a-un-taxi-non-assure\/\"><strong>Road accident: How to obtain compensation from an uninsured cab driver?<\/strong><\/a><\/li>\n\n\n\n<li><a href=\"https:\/\/www.alpstransfers-cab.com\/decouvrez-les-alternatives-de-transport-de-personnes-a-combloux-en-haute-savoie\/\"><strong>Discover the Alternatives to Personal Transport in Combloux, Haute-Savoie<\/strong><\/a><\/li>\n\n\n\n<li><a href=\"https:\/\/www.alpstransfers-cab.com\/transport-en-haute-savoie-navette-chauffeur-prive-ou-taxi\/\"><strong>Transport in Haute-Savoie: Shuttle, Private Driver or Taxi<\/strong><\/a><\/li>\n<\/ul>\n\n\n\n<p><strong><a href=\"https:\/\/www.alpstransfers-cab.com\/en\/corporate-offers\/\">CORPORATE OFFER<\/a><\/strong><\/p>\n\n\n\n<p><\/p>\n","protected":false},"excerpt":{"rendered":"<p>Cab or VTC in Annecy: Which solution for your journeys in Greater Annecy? Situated between lake and mountains, the Greater [&hellip;]<\/p>\n","protected":false},"author":2,"featured_media":8848,"comment_status":"open","ping_status":"open","sticky":false,"template":"","format":"standard","meta":{"site-sidebar-layout":"default","site-content-layout":"","ast-site-content-layout":"full-width-container","site-content-style":"default","site-sidebar-style":"default","ast-global-header-display":"","ast-banner-title-visibility":"","ast-main-header-display":"","ast-hfb-above-header-display":"","ast-hfb-below-header-display":"","ast-hfb-mobile-header-display":"","site-post-title":"","ast-breadcrumbs-content":"","ast-featured-img":"","footer-sml-layout":"","ast-disable-related-posts":"","theme-transparent-header-meta":"","adv-header-id-meta":"","stick-header-meta":"","header-above-stick-meta":"","header-main-stick-meta":"","header-below-stick-meta":"","astra-migrate-meta-layouts":"default","ast-page-background-enabled":"default","ast-page-background-meta":{"desktop":{"background-color":"var(--ast-global-color-4)","background-image":"","background-repeat":"repeat","background-position":"center center","background-size":"auto","background-attachment":"scroll","background-type":"","background-media":"","overlay-type":"","overlay-color":"","overlay-opacity":"","overlay-gradient":""},"tablet":{"background-color":"","background-image":"","background-repeat":"repeat","background-position":"center center","background-size":"auto","background-attachment":"scroll","background-type":"","background-media":"","overlay-type":"","overlay-color":"","overlay-opacity":"","overlay-gradient":""},"mobile":{"background-color":"","background-image":"","background-repeat":"repeat","background-position":"center center","background-size":"auto","background-attachment":"scroll","background-type":"","background-media":"","overlay-type":"","overlay-color":"","overlay-opacity":"","overlay-gradient":""}},"ast-content-background-meta":{"desktop":{"background-color":"var(--ast-global-color-5)","background-image":"","background-repeat":"repeat","background-position":"center center","background-size":"auto","background-attachment":"scroll","background-type":"","background-media":"","overlay-type":"","overlay-color":"","overlay-opacity":"","overlay-gradient":""},"tablet":{"background-color":"var(--ast-global-color-5)","background-image":"","background-repeat":"repeat","background-position":"center center","background-size":"auto","background-attachment":"scroll","background-type":"","background-media":"","overlay-type":"","overlay-color":"","overlay-opacity":"","overlay-gradient":""},"mobile":{"background-color":"var(--ast-global-color-5)","background-image":"","background-repeat":"repeat","background-position":"center center","background-size":"auto","background-attachment":"scroll","background-type":"","background-media":"","overlay-type":"","overlay-color":"","overlay-opacity":"","overlay-gradient":""}},"footnotes":""},"categories":[30],"tags":[],"class_list":["post-8270","post","type-post","status-publish","format-standard","has-post-thumbnail","hentry","category-vtc-blog"],"yoast_head":"<!-- This site is optimized with the Yoast SEO plugin v27.4 - https:\/\/yoast.com\/product\/yoast-seo-wordpress\/ -->\n<title>Getting around Annecy: Taxi Annecy or private chauffeur, which solution should you choose? - Alps Transfers Cab<\/title>\n<meta name=\"robots\" content=\"index, follow, max-snippet:-1, max-image-preview:large, max-video-preview:-1\" \/>\n<link rel=\"canonical\" href=\"https:\/\/www.alpstransfers-cab.com\/en\/getting-around-annecy-taxi-annecy-or-private-chauffeur-which-solution-should-you-choose\/\" \/>\n<meta property=\"og:locale\" content=\"en_US\" \/>\n<meta property=\"og:type\" content=\"article\" \/>\n<meta property=\"og:title\" content=\"Getting around Annecy: Taxi Annecy or private chauffeur, which solution should you choose? - Alps Transfers Cab\" \/>\n<meta property=\"og:description\" content=\"Cab or VTC in Annecy: Which solution for your journeys in Greater Annecy? Situated between lake and mountains, the Greater [&hellip;]\" \/>\n<meta property=\"og:url\" content=\"https:\/\/www.alpstransfers-cab.com\/en\/getting-around-annecy-taxi-annecy-or-private-chauffeur-which-solution-should-you-choose\/\" \/>\n<meta property=\"og:site_name\" content=\"Alps Transfers Cab\" \/>\n<meta property=\"article:published_time\" content=\"2025-06-25T16:30:08+00:00\" \/>\n<meta property=\"article:modified_time\" content=\"2026-02-20T16:09:14+00:00\" \/>\n<meta property=\"og:image\" content=\"https:\/\/www.alpstransfers-cab.com\/wp-content\/uploads\/2025\/06\/freepik__the-style-is-candid-image-photography-with-natural__10411.png\" \/>\n\t<meta property=\"og:image:width\" content=\"1024\" \/>\n\t<meta property=\"og:image:height\" content=\"1024\" \/>\n\t<meta property=\"og:image:type\" content=\"image\/png\" \/>\n<meta name=\"author\" content=\"contact@alpstransfers-cab.com\" \/>\n<meta name=\"twitter:card\" content=\"summary_large_image\" \/>\n<meta name=\"twitter:label1\" content=\"Written by\" \/>\n\t<meta name=\"twitter:data1\" content=\"contact@alpstransfers-cab.com\" \/>\n\t<meta name=\"twitter:label2\" content=\"Est. reading time\" \/>\n\t<meta name=\"twitter:data2\" content=\"9 minutes\" \/>\n<script type=\"application\/ld+json\" class=\"yoast-schema-graph\">{\"@context\":\"https:\\\/\\\/schema.org\",\"@graph\":[{\"@type\":\"Article\",\"@id\":\"https:\\\/\\\/www.alpstransfers-cab.com\\\/en\\\/getting-around-annecy-taxi-annecy-or-private-chauffeur-which-solution-should-you-choose\\\/#article\",\"isPartOf\":{\"@id\":\"https:\\\/\\\/www.alpstransfers-cab.com\\\/en\\\/getting-around-annecy-taxi-annecy-or-private-chauffeur-which-solution-should-you-choose\\\/\"},\"author\":{\"name\":\"contact@alpstransfers-cab.com\",\"@id\":\"https:\\\/\\\/www.alpstransfers-cab.com\\\/en\\\/#\\\/schema\\\/person\\\/eeb328e28d6e9d34157324bb0cfe3915\"},\"headline\":\"Getting around Annecy: Taxi Annecy or private chauffeur, which solution should you choose?\",\"datePublished\":\"2025-06-25T16:30:08+00:00\",\"dateModified\":\"2026-02-20T16:09:14+00:00\",\"mainEntityOfPage\":{\"@id\":\"https:\\\/\\\/www.alpstransfers-cab.com\\\/en\\\/getting-around-annecy-taxi-annecy-or-private-chauffeur-which-solution-should-you-choose\\\/\"},\"wordCount\":1534,\"commentCount\":0,\"image\":{\"@id\":\"https:\\\/\\\/www.alpstransfers-cab.com\\\/en\\\/getting-around-annecy-taxi-annecy-or-private-chauffeur-which-solution-should-you-choose\\\/#primaryimage\"},\"thumbnailUrl\":\"https:\\\/\\\/www.alpstransfers-cab.com\\\/wp-content\\\/uploads\\\/2025\\\/06\\\/freepik__the-style-is-candid-image-photography-with-natural__10411.png\",\"articleSection\":[\"VTC Blog\"],\"inLanguage\":\"en-US\",\"potentialAction\":[{\"@type\":\"CommentAction\",\"name\":\"Comment\",\"target\":[\"https:\\\/\\\/www.alpstransfers-cab.com\\\/en\\\/getting-around-annecy-taxi-annecy-or-private-chauffeur-which-solution-should-you-choose\\\/#respond\"]}]},{\"@type\":\"WebPage\",\"@id\":\"https:\\\/\\\/www.alpstransfers-cab.com\\\/en\\\/getting-around-annecy-taxi-annecy-or-private-chauffeur-which-solution-should-you-choose\\\/\",\"url\":\"https:\\\/\\\/www.alpstransfers-cab.com\\\/en\\\/getting-around-annecy-taxi-annecy-or-private-chauffeur-which-solution-should-you-choose\\\/\",\"name\":\"Getting around Annecy: Taxi Annecy or private chauffeur, which solution should you choose? - Alps Transfers Cab\",\"isPartOf\":{\"@id\":\"https:\\\/\\\/www.alpstransfers-cab.com\\\/en\\\/#website\"},\"primaryImageOfPage\":{\"@id\":\"https:\\\/\\\/www.alpstransfers-cab.com\\\/en\\\/getting-around-annecy-taxi-annecy-or-private-chauffeur-which-solution-should-you-choose\\\/#primaryimage\"},\"image\":{\"@id\":\"https:\\\/\\\/www.alpstransfers-cab.com\\\/en\\\/getting-around-annecy-taxi-annecy-or-private-chauffeur-which-solution-should-you-choose\\\/#primaryimage\"},\"thumbnailUrl\":\"https:\\\/\\\/www.alpstransfers-cab.com\\\/wp-content\\\/uploads\\\/2025\\\/06\\\/freepik__the-style-is-candid-image-photography-with-natural__10411.png\",\"datePublished\":\"2025-06-25T16:30:08+00:00\",\"dateModified\":\"2026-02-20T16:09:14+00:00\",\"author\":{\"@id\":\"https:\\\/\\\/www.alpstransfers-cab.com\\\/en\\\/#\\\/schema\\\/person\\\/eeb328e28d6e9d34157324bb0cfe3915\"},\"breadcrumb\":{\"@id\":\"https:\\\/\\\/www.alpstransfers-cab.com\\\/en\\\/getting-around-annecy-taxi-annecy-or-private-chauffeur-which-solution-should-you-choose\\\/#breadcrumb\"},\"inLanguage\":\"en-US\",\"potentialAction\":[{\"@type\":\"ReadAction\",\"target\":[\"https:\\\/\\\/www.alpstransfers-cab.com\\\/en\\\/getting-around-annecy-taxi-annecy-or-private-chauffeur-which-solution-should-you-choose\\\/\"]}]},{\"@type\":\"ImageObject\",\"inLanguage\":\"en-US\",\"@id\":\"https:\\\/\\\/www.alpstransfers-cab.com\\\/en\\\/getting-around-annecy-taxi-annecy-or-private-chauffeur-which-solution-should-you-choose\\\/#primaryimage\",\"url\":\"https:\\\/\\\/www.alpstransfers-cab.com\\\/wp-content\\\/uploads\\\/2025\\\/06\\\/freepik__the-style-is-candid-image-photography-with-natural__10411.png\",\"contentUrl\":\"https:\\\/\\\/www.alpstransfers-cab.com\\\/wp-content\\\/uploads\\\/2025\\\/06\\\/freepik__the-style-is-candid-image-photography-with-natural__10411.png\",\"width\":1024,\"height\":1024},{\"@type\":\"BreadcrumbList\",\"@id\":\"https:\\\/\\\/www.alpstransfers-cab.com\\\/en\\\/getting-around-annecy-taxi-annecy-or-private-chauffeur-which-solution-should-you-choose\\\/#breadcrumb\",\"itemListElement\":[{\"@type\":\"ListItem\",\"position\":1,\"name\":\"Accueil\",\"item\":\"https:\\\/\\\/www.alpstransfers-cab.com\\\/en\\\/\"},{\"@type\":\"ListItem\",\"position\":2,\"name\":\"Getting around Annecy: Taxi Annecy or private chauffeur, which solution should you choose?\"}]},{\"@type\":\"WebSite\",\"@id\":\"https:\\\/\\\/www.alpstransfers-cab.com\\\/en\\\/#website\",\"url\":\"https:\\\/\\\/www.alpstransfers-cab.com\\\/en\\\/\",\"name\":\"Alps Transfers Cab\",\"description\":\"Alpes Transfert Cab Service VTC\",\"potentialAction\":[{\"@type\":\"SearchAction\",\"target\":{\"@type\":\"EntryPoint\",\"urlTemplate\":\"https:\\\/\\\/www.alpstransfers-cab.com\\\/en\\\/?s={search_term_string}\"},\"query-input\":{\"@type\":\"PropertyValueSpecification\",\"valueRequired\":true,\"valueName\":\"search_term_string\"}}],\"inLanguage\":\"en-US\"},{\"@type\":\"Person\",\"@id\":\"https:\\\/\\\/www.alpstransfers-cab.com\\\/en\\\/#\\\/schema\\\/person\\\/eeb328e28d6e9d34157324bb0cfe3915\",\"name\":\"contact@alpstransfers-cab.com\",\"image\":{\"@type\":\"ImageObject\",\"inLanguage\":\"en-US\",\"@id\":\"https:\\\/\\\/secure.gravatar.com\\\/avatar\\\/46c2ae809f64848daea8dbd617059d0b560238735ed5e55e58113720cc93c13f?s=96&d=mm&r=g\",\"url\":\"https:\\\/\\\/secure.gravatar.com\\\/avatar\\\/46c2ae809f64848daea8dbd617059d0b560238735ed5e55e58113720cc93c13f?s=96&d=mm&r=g\",\"contentUrl\":\"https:\\\/\\\/secure.gravatar.com\\\/avatar\\\/46c2ae809f64848daea8dbd617059d0b560238735ed5e55e58113720cc93c13f?s=96&d=mm&r=g\",\"caption\":\"contact@alpstransfers-cab.com\"},\"url\":\"https:\\\/\\\/www.alpstransfers-cab.com\\\/en\\\/author\\\/contactalpstransfers-cab-com\\\/\"}]}<\/script>\n<!-- \/ Yoast SEO plugin. -->","yoast_head_json":{"title":"Getting around Annecy: Taxi Annecy or private chauffeur, which solution should you choose? - Alps Transfers Cab","robots":{"index":"index","follow":"follow","max-snippet":"max-snippet:-1","max-image-preview":"max-image-preview:large","max-video-preview":"max-video-preview:-1"},"canonical":"https:\/\/www.alpstransfers-cab.com\/en\/getting-around-annecy-taxi-annecy-or-private-chauffeur-which-solution-should-you-choose\/","og_locale":"en_US","og_type":"article","og_title":"Getting around Annecy: Taxi Annecy or private chauffeur, which solution should you choose? - Alps Transfers Cab","og_description":"Cab or VTC in Annecy: Which solution for your journeys in Greater Annecy? Situated between lake and mountains, the Greater [&hellip;]","og_url":"https:\/\/www.alpstransfers-cab.com\/en\/getting-around-annecy-taxi-annecy-or-private-chauffeur-which-solution-should-you-choose\/","og_site_name":"Alps Transfers Cab","article_published_time":"2025-06-25T16:30:08+00:00","article_modified_time":"2026-02-20T16:09:14+00:00","og_image":[{"width":1024,"height":1024,"url":"https:\/\/www.alpstransfers-cab.com\/wp-content\/uploads\/2025\/06\/freepik__the-style-is-candid-image-photography-with-natural__10411.png","type":"image\/png"}],"author":"contact@alpstransfers-cab.com","twitter_card":"summary_large_image","twitter_misc":{"Written by":"contact@alpstransfers-cab.com","Est. reading time":"9 minutes"},"schema":{"@context":"https:\/\/schema.org","@graph":[{"@type":"Article","@id":"https:\/\/www.alpstransfers-cab.com\/en\/getting-around-annecy-taxi-annecy-or-private-chauffeur-which-solution-should-you-choose\/#article","isPartOf":{"@id":"https:\/\/www.alpstransfers-cab.com\/en\/getting-around-annecy-taxi-annecy-or-private-chauffeur-which-solution-should-you-choose\/"},"author":{"name":"contact@alpstransfers-cab.com","@id":"https:\/\/www.alpstransfers-cab.com\/en\/#\/schema\/person\/eeb328e28d6e9d34157324bb0cfe3915"},"headline":"Getting around Annecy: Taxi Annecy or private chauffeur, which solution should you choose?","datePublished":"2025-06-25T16:30:08+00:00","dateModified":"2026-02-20T16:09:14+00:00","mainEntityOfPage":{"@id":"https:\/\/www.alpstransfers-cab.com\/en\/getting-around-annecy-taxi-annecy-or-private-chauffeur-which-solution-should-you-choose\/"},"wordCount":1534,"commentCount":0,"image":{"@id":"https:\/\/www.alpstransfers-cab.com\/en\/getting-around-annecy-taxi-annecy-or-private-chauffeur-which-solution-should-you-choose\/#primaryimage"},"thumbnailUrl":"https:\/\/www.alpstransfers-cab.com\/wp-content\/uploads\/2025\/06\/freepik__the-style-is-candid-image-photography-with-natural__10411.png","articleSection":["VTC Blog"],"inLanguage":"en-US","potentialAction":[{"@type":"CommentAction","name":"Comment","target":["https:\/\/www.alpstransfers-cab.com\/en\/getting-around-annecy-taxi-annecy-or-private-chauffeur-which-solution-should-you-choose\/#respond"]}]},{"@type":"WebPage","@id":"https:\/\/www.alpstransfers-cab.com\/en\/getting-around-annecy-taxi-annecy-or-private-chauffeur-which-solution-should-you-choose\/","url":"https:\/\/www.alpstransfers-cab.com\/en\/getting-around-annecy-taxi-annecy-or-private-chauffeur-which-solution-should-you-choose\/","name":"Getting around Annecy: Taxi Annecy or private chauffeur, which solution should you choose? - Alps Transfers Cab","isPartOf":{"@id":"https:\/\/www.alpstransfers-cab.com\/en\/#website"},"primaryImageOfPage":{"@id":"https:\/\/www.alpstransfers-cab.com\/en\/getting-around-annecy-taxi-annecy-or-private-chauffeur-which-solution-should-you-choose\/#primaryimage"},"image":{"@id":"https:\/\/www.alpstransfers-cab.com\/en\/getting-around-annecy-taxi-annecy-or-private-chauffeur-which-solution-should-you-choose\/#primaryimage"},"thumbnailUrl":"https:\/\/www.alpstransfers-cab.com\/wp-content\/uploads\/2025\/06\/freepik__the-style-is-candid-image-photography-with-natural__10411.png","datePublished":"2025-06-25T16:30:08+00:00","dateModified":"2026-02-20T16:09:14+00:00","author":{"@id":"https:\/\/www.alpstransfers-cab.com\/en\/#\/schema\/person\/eeb328e28d6e9d34157324bb0cfe3915"},"breadcrumb":{"@id":"https:\/\/www.alpstransfers-cab.com\/en\/getting-around-annecy-taxi-annecy-or-private-chauffeur-which-solution-should-you-choose\/#breadcrumb"},"inLanguage":"en-US","potentialAction":[{"@type":"ReadAction","target":["https:\/\/www.alpstransfers-cab.com\/en\/getting-around-annecy-taxi-annecy-or-private-chauffeur-which-solution-should-you-choose\/"]}]},{"@type":"ImageObject","inLanguage":"en-US","@id":"https:\/\/www.alpstransfers-cab.com\/en\/getting-around-annecy-taxi-annecy-or-private-chauffeur-which-solution-should-you-choose\/#primaryimage","url":"https:\/\/www.alpstransfers-cab.com\/wp-content\/uploads\/2025\/06\/freepik__the-style-is-candid-image-photography-with-natural__10411.png","contentUrl":"https:\/\/www.alpstransfers-cab.com\/wp-content\/uploads\/2025\/06\/freepik__the-style-is-candid-image-photography-with-natural__10411.png","width":1024,"height":1024},{"@type":"BreadcrumbList","@id":"https:\/\/www.alpstransfers-cab.com\/en\/getting-around-annecy-taxi-annecy-or-private-chauffeur-which-solution-should-you-choose\/#breadcrumb","itemListElement":[{"@type":"ListItem","position":1,"name":"Accueil","item":"https:\/\/www.alpstransfers-cab.com\/en\/"},{"@type":"ListItem","position":2,"name":"Getting around Annecy: Taxi Annecy or private chauffeur, which solution should you choose?"}]},{"@type":"WebSite","@id":"https:\/\/www.alpstransfers-cab.com\/en\/#website","url":"https:\/\/www.alpstransfers-cab.com\/en\/","name":"Alps Transfers Cab","description":"Alpes Transfert Cab Service VTC","potentialAction":[{"@type":"SearchAction","target":{"@type":"EntryPoint","urlTemplate":"https:\/\/www.alpstransfers-cab.com\/en\/?s={search_term_string}"},"query-input":{"@type":"PropertyValueSpecification","valueRequired":true,"valueName":"search_term_string"}}],"inLanguage":"en-US"},{"@type":"Person","@id":"https:\/\/www.alpstransfers-cab.com\/en\/#\/schema\/person\/eeb328e28d6e9d34157324bb0cfe3915","name":"contact@alpstransfers-cab.com","image":{"@type":"ImageObject","inLanguage":"en-US","@id":"https:\/\/secure.gravatar.com\/avatar\/46c2ae809f64848daea8dbd617059d0b560238735ed5e55e58113720cc93c13f?s=96&d=mm&r=g","url":"https:\/\/secure.gravatar.com\/avatar\/46c2ae809f64848daea8dbd617059d0b560238735ed5e55e58113720cc93c13f?s=96&d=mm&r=g","contentUrl":"https:\/\/secure.gravatar.com\/avatar\/46c2ae809f64848daea8dbd617059d0b560238735ed5e55e58113720cc93c13f?s=96&d=mm&r=g","caption":"contact@alpstransfers-cab.com"},"url":"https:\/\/www.alpstransfers-cab.com\/en\/author\/contactalpstransfers-cab-com\/"}]}},"_links":{"self":[{"href":"https:\/\/www.alpstransfers-cab.com\/en\/wp-json\/wp\/v2\/posts\/8270","targetHints":{"allow":["GET"]}}],"collection":[{"href":"https:\/\/www.alpstransfers-cab.com\/en\/wp-json\/wp\/v2\/posts"}],"about":[{"href":"https:\/\/www.alpstransfers-cab.com\/en\/wp-json\/wp\/v2\/types\/post"}],"author":[{"embeddable":true,"href":"https:\/\/www.alpstransfers-cab.com\/en\/wp-json\/wp\/v2\/users\/2"}],"replies":[{"embeddable":true,"href":"https:\/\/www.alpstransfers-cab.com\/en\/wp-json\/wp\/v2\/comments?post=8270"}],"version-history":[{"count":34,"href":"https:\/\/www.alpstransfers-cab.com\/en\/wp-json\/wp\/v2\/posts\/8270\/revisions"}],"predecessor-version":[{"id":17780,"href":"https:\/\/www.alpstransfers-cab.com\/en\/wp-json\/wp\/v2\/posts\/8270\/revisions\/17780"}],"wp:featuredmedia":[{"embeddable":true,"href":"https:\/\/www.alpstransfers-cab.com\/en\/wp-json\/wp\/v2\/media\/8848"}],"wp:attachment":[{"href":"https:\/\/www.alpstransfers-cab.com\/en\/wp-json\/wp\/v2\/media?parent=8270"}],"wp:term":[{"taxonomy":"category","embeddable":true,"href":"https:\/\/www.alpstransfers-cab.com\/en\/wp-json\/wp\/v2\/categories?post=8270"},{"taxonomy":"post_tag","embeddable":true,"href":"https:\/\/www.alpstransfers-cab.com\/en\/wp-json\/wp\/v2\/tags?post=8270"}],"curies":[{"name":"wp","href":"https:\/\/api.w.org\/{rel}","templated":true}]}}