{"id":8616,"date":"2025-03-05T12:53:11","date_gmt":"2025-03-05T11:53:11","guid":{"rendered":"https:\/\/www.alpstransfers-cab.com\/cab-megeve\/"},"modified":"2026-02-20T19:10:44","modified_gmt":"2026-02-20T18:10:44","slug":"taxi-megeve-or-vtc-choose-the-best-for-your-mountain-transfers","status":"publish","type":"post","link":"https:\/\/www.alpstransfers-cab.com\/en\/taxi-megeve-or-vtc-choose-the-best-for-your-mountain-transfers\/","title":{"rendered":"Taxi Meg\u00e8ve or VTC: key criteria for choosing the best transport service"},"content":{"rendered":"\n<h1 class=\"wp-block-heading\">Taxi Meg\u00e8ve or VTC: which is best for exceptional mountain transport?<\/h1>\n\n\n\n<p>In the heart of the majestic Alps, <strong>Meg\u00e8ve<\/strong> symbolizes the French art of living, with its Alpine authenticity, refined architecture, Michelin-starred gastronomy and luxurious amenities. Whether you&#8217;re staying in an exceptional private chalet, a five-star palace or on a business trip, your choice of transport in Meg\u00e8ve should reflect this high standard. <\/p>\n\n\n\n<p>Whether you are arriving from <strong><a href=\"https:\/\/www.alpstransfers-cab.com\/en\/long-distance-shuttle-transfers-with-top-of-the-range-private-driver-to-and-from-sallanches-combloux-megeve-train-station\/\">Sallanches-Combloux-Meg\u00e8ve station<\/a><\/strong> or planning a long-distance journey to or from <strong><a href=\"https:\/\/www.firstclasspartner-vtc.fr\/gare-de-lyon-votre-acces-direct-vers-lyon-annecy-geneve-barcelone-milan-et-le-sud-mediterraneen\/\">Paris, Gare de Lyon<\/a><\/strong> should you choose a <strong>Taxi Meg\u00e8ve<\/strong> or a <strong>VTC Meg\u00e8ve<\/strong>? Here&#8217;s an elegant comparison to guide your choice with refinement and serenity.<\/p>\n\n\n\n<p>We also cover <strong><a href=\"https:\/\/www.guide-auto.com\/raisons-preferer-vtc-taxi-gare-de-lyon\/\">the good reasons for choosing a VTC rather than a cab to or from Paris, Gare de Lyon<\/a><\/strong>for long-distance transfers to or from Meg\u00e8ve: top-of-the-range comfort, premium vehicle, price known in advance, personalized service and impeccable punctuality.<\/p>\n\n\n\n<h3 class=\"wp-block-heading\">\u2728 Availability &amp; Booking: immediate spontaneity or tailor-made service<\/h3>\n\n\n\n<p>Cab Megeve stands out for its instant availability, in the heart of the village, just outside gourmet restaurants or near prestigious hotels and ski lifts. Ideal for short trips or unexpected departures, it offers responsive, efficient mobility. <\/p>\n\n\n\n<p>The Megeve VTC offers a personalized and exclusive experience. Booked in advance via mobile app, telephone or hotel concierge, it ensures pick-up at exactly the right time, with no waiting and no compromises. Perfect for transfers to major international airports, nearby resorts or upscale business meetings.  <\/p>\n\n\n\n<h3 class=\"wp-block-heading\">\ud83d\udcbc Pricing: controlled transparency or traditional meter<\/h3>\n\n\n\n<p>Cab Megeve charges a regulated meter rate, which varies according to distance, traffic, weather and time of day.<\/p>\n\n\n\n<p>Conversely, VTC Megeve&#8217;s fixed fares, known in advance, guarantee a total absence of surprises, even in the event of bad weather or traffic jams. This pricing clarity is particularly attractive to demanding international and corporate customers. <\/p>\n\n\n\n<h3 class=\"wp-block-heading\">\ud83d\udecb\ufe0f Onboard comfort &amp; experience: elegance and absolute discretion<\/h3>\n\n\n\n<p>Megeve cabs provide reliable service with functional, well-maintained vehicles adapted to mountain roads.<\/p>\n\n\n\n<p>Megeve VTCs offer another dimension: prestige sedans, luxury SUVs or spacious 7- or 8-seater vans, all impeccably maintained. On board, comfort rivals that of the finest hotels: <\/p>\n\n\n\n<ul class=\"wp-block-list\">\n<li>Leather upholstery and top-of-the-range finishes<\/li>\n\n\n\n<li>Individualized air conditioning and heating<\/li>\n\n\n\n<li>High-speed Wi-Fi, personalized playlists<\/li>\n\n\n\n<li>Premium refreshments, daily press, various chargers<br>Every journey becomes a moment of relaxation, confidentiality and pure elegance.<\/li>\n<\/ul>\n\n\n\n<h3 class=\"wp-block-heading\">\ud83c\udf0d Areas served: local mobility or international reach<\/h3>\n\n\n\n<p>Cab Megeve is the perfect answer to local needs:<\/p>\n\n\n\n<ul class=\"wp-block-list\">\n<li>Downtown shopping<\/li>\n\n\n\n<li>Transfers to Praz-sur-Arly, Saint-Gervais, ski lifts and Michelin-starred restaurants<\/li>\n\n\n\n<li>Shuttles between hotels, spas and luxury boutiques<\/li>\n<\/ul>\n\n\n\n<p>VTC Megeve is aimed at customers looking for extended, flexible mobility:<\/p>\n\n\n\n<ul class=\"wp-block-list\">\n<li>Customized transfers to Geneva, Lyon, Chamb\u00e9ry, Grenoble<\/li>\n\n\n\n<li>Travel to Chamonix, Courchevel, Annecy, and major TGV stations (Sallanches, Albertville, Mo\u00fbtiers)<\/li>\n\n\n\n<li>Private excursions, sightseeing tours with driver-guide on request<\/li>\n<\/ul>\n\n\n\n<h3 class=\"wp-block-heading\">\ud83c\udfaf Exclusive services: classic standards or customized services<\/h3>\n\n\n\n<p>Cab Megeve offers traditional services: payment by card, child seats, PMR adapted vehicles.<\/p>\n\n\n\n<p>VTC Megeve embodies excellence:<\/p>\n\n\n\n<ul class=\"wp-block-list\">\n<li>VIP welcome with name card at station or airport<\/li>\n\n\n\n<li>Multilingual, elegant, discreet drivers, trained to meet the expectations of an international clientele<\/li>\n\n\n\n<li>Available by the hour, half-day or full day<\/li>\n\n\n\n<li>Vehicles designed to transport skis, bulky luggage and special equipment<\/li>\n\n\n\n<li>Event services: prestigious weddings, press tours, business meetings, VIP transfers<\/li>\n<\/ul>\n\n\n\n<h3 class=\"wp-block-heading\">\ud83d\udd17 Related articles<\/h3>\n\n\n\n<ul class=\"wp-block-list\">\n<li><a href=\"https:\/\/www.voiture-valk.fr\/quelles-sont-les-differences-entre-chauffeur-taxi-et-chauffeur-vtc\/\"><strong>What are the differences between Taxi and VTC drivers?<\/strong><\/a><\/li>\n<\/ul>\n\n\n\n<ul class=\"wp-block-list\">\n<li><a href=\"https:\/\/www.annecy-ville.fr\/2025\/04\/comment-aller-aeroport-geneve-depuis-annecy-ou-se-garer\/\"><strong>How do I get to Geneva airport from Annecy and where can I park? Parking lots and shuttles<\/strong><\/a><\/li>\n<\/ul>\n\n\n\n<ul class=\"wp-block-list\">\n<li><a href=\"https:\/\/www.appartementcourchevel.com\/sejour-ski\/pourquoi-choisir-service-vtc-pour-seminaires-sejours-affaires-a-courchevel\/\"><strong>Optimize your business travel in Courchevel: Why choose a VTC service for your seminars and business trips?<\/strong><\/a><\/li>\n<\/ul>\n\n\n\n<ul class=\"wp-block-list\">\n<li><a href=\"https:\/\/www.alpstransfers-cab.com\/service-de-limousine-a-chamonix-transferts-de-luxe-vers-les-stations-de-ski-et-les-hotels\/\"><strong>Limousine service in Chamonix: Luxury transfers to ski resorts and hotels<\/strong><\/a><\/li>\n<\/ul>\n\n\n\n<h3 class=\"wp-block-heading\">Read also : <a href=\"https:\/\/www.alpstransfers-cab.com\/en\/geneva-international-airport-private-shuttle-and-chauffeur-tailored-to-your-needs\/\"><strong>A\u00e9roport International de Gen\u00e8ve, Private Shuttle and Chauffeur Made to Measure for Your Travel Needs<\/strong><\/a><\/h3>\n\n\n\n<figure class=\"wp-block-image aligncenter size-large\"><img fetchpriority=\"high\" decoding=\"async\" width=\"1024\" height=\"575\" src=\"https:\/\/www.alpstransfers-cab.com\/wp-content\/uploads\/2025\/07\/avion-sur-la-piste-de-l-aeroport-contre-le-ciel-2-1024x575.jpg\" alt=\"\" class=\"wp-image-9603\" srcset=\"https:\/\/www.alpstransfers-cab.com\/wp-content\/uploads\/2025\/07\/avion-sur-la-piste-de-l-aeroport-contre-le-ciel-2-1024x575.jpg 1024w, https:\/\/www.alpstransfers-cab.com\/wp-content\/uploads\/2025\/07\/avion-sur-la-piste-de-l-aeroport-contre-le-ciel-2-300x168.jpg 300w, https:\/\/www.alpstransfers-cab.com\/wp-content\/uploads\/2025\/07\/avion-sur-la-piste-de-l-aeroport-contre-le-ciel-2-768x431.jpg 768w, https:\/\/www.alpstransfers-cab.com\/wp-content\/uploads\/2025\/07\/avion-sur-la-piste-de-l-aeroport-contre-le-ciel-2-1536x863.jpg 1536w, https:\/\/www.alpstransfers-cab.com\/wp-content\/uploads\/2025\/07\/avion-sur-la-piste-de-l-aeroport-contre-le-ciel-2-2048x1150.jpg 2048w, https:\/\/www.alpstransfers-cab.com\/wp-content\/uploads\/2025\/07\/avion-sur-la-piste-de-l-aeroport-contre-le-ciel-2-600x337.jpg 600w\" sizes=\"(max-width: 1024px) 100vw, 1024px\" \/><\/figure>\n\n\n\n<hr class=\"wp-block-separator has-alpha-channel-opacity\"\/>\n\n\n\n<h2 class=\"wp-block-heading\">\u2753 FAQ &#8211; Taxi Meg\u00e8ve or VTC Meg\u00e8ve: frequently asked questions<\/h2>\n\n\n\n<p><strong>1. Is a VTC Meg\u00e8ve more expensive than a Taxi Meg\u00e8ve?<\/strong><br>Not necessarily. Thanks to its fixed rates, the VTC can be more advantageous, especially over long distances or in difficult conditions (snow, crowds, night drives). <\/p>\n\n\n\n<p><strong>2. Can I book a Meg\u00e8ve Taxi in advance?<\/strong><br>Yes, some cabs accept advance bookings. However, their availability may be limited, especially during peak tourist season or busy periods. <\/p>\n\n\n\n<p><strong>3. Is VTC Meg\u00e8ve suitable for airport transfers?<\/strong><br>Absolutely. VTC provides top-of-the-range transfers to major airports such as Geneva, Lyon Saint-Exup\u00e9ry, Chamb\u00e9ry or Le Bourget. <\/p>\n\n\n\n<p><strong>4. Can I book a VTC for a group or a ski holiday?<\/strong><br>Yes, we have spacious and luxurious vans and vehicles available, perfectly suited to families, groups and travelers with bulky luggage or winter sports equipment.<\/p>\n\n\n\n<p><strong>5. Is Taxi Meg\u00e8ve available 24 hours a day?<\/strong><br>Yes, most cabs offer continuous service. However, prior booking is strongly recommended for night-time journeys and periods of high demand. <\/p>\n\n\n\n<p><strong>6. Does VTC Meg\u00e8ve offer vehicles adapted to mountain conditions?<\/strong><br>Yes, VTCs provide recent vehicles, often equipped for winter driving (snow tires, chains), guaranteeing comfort and safety in the mountains.<\/p>\n\n\n\n<p><strong>7. Are VTC Meg\u00e8ve rates known in advance?<\/strong><br>Yes, one of the great advantages of VTC is its transparent pricing: the price is fixed at the time of booking, with no surprises linked to traffic or weather conditions.<\/p>\n\n\n\n<p><strong>8. Can Taxi Meg\u00e8ve be hailed directly in the street?<\/strong><br>Yes, cabs can be picked up immediately when they&#8217;re available, which can be handy for spontaneous trips to the resort center.<\/p>\n\n\n\n<p><strong>9. Which service is the most comfortable for long-distance travel?<\/strong><br>For longer journeys, especially to stations or airports, VTC is generally preferred for its superior comfort, calm and personalized service.<\/p>\n\n\n\n<p><strong>10. What&#8217;s the best choice for top-of-the-range transport in Meg\u00e8ve?<\/strong><br>For a premium experience, tailored service and a high level of comfort, VTC Meg\u00e8ve is often the ideal solution, while a cab remains a practical option for immediate travel.<\/p>\n\n\n\n<h3 class=\"wp-block-heading\">\ud83c\udfd4\ufe0f Taxi Meg\u00e8ve or VTC &#8211; the art of exceptional transportation<\/h3>\n\n\n\n<p>For a spontaneous, short trip downtown, Taxi Meg\u00e8ve remains a practical and reliable option.<br>For a luxurious, perfectly orchestrated, punctual and comfortable experience, VTC Megeve is the essential reference.<\/p>\n\n\n\n<p>With <strong>Taxi or VTC<\/strong>, every journey becomes a true extension of Alpine refinement. Choosing between Taxi Megeve and VTC Megeve means choosing to travel with elegance and high standards. <\/p>\n\n\n\n<h2 class=\"wp-block-heading\">\ud83d\udcde Contact &amp; Booking &#8211; First Class Partner | VTC Meg\u00e8ve &amp; French Alps<\/h2>\n\n\n\n<p>\ud83d\udcf1 Telephone: <strong><strong><strong><a href=\"tel:+33782877445\"><strong>+33 (0)7 82 87 74 45<\/strong><\/a><\/strong><\/strong><\/strong> (Call\/SMS\/WhatsApp)<br>\ud83d\udce7 Email : <a href=\"https:\/\/www.alpstransfers-cab.com\/en\/contact\/\"><strong>contact@alpstransfers-cab.com<\/strong><\/a><br>\ud83c\udf10 Official website: <a href=\"https:\/\/www.alpstransfers-cab.com\/en\/\" class=\"\"><strong>www.alpstransfers-cab.com<\/strong><\/a><\/p>\n\n\n\n<p><a href=\"https:\/\/www.alpstransfers-cab.com\/en\/transfer-private-chauffeur-vtc-sallanches-combloux-megeve-train-station\/\"><strong>Reservation Private chauffeur Sallanches-Combloux-Meg\u00e8ve train station<\/strong><\/a><\/p>\n\n\n\n<p>The First Class Partner team<\/p>\n\n\n\n<figure class=\"wp-block-embed is-type-wp-embed is-provider-alps-transfers-cab wp-block-embed-alps-transfers-cab\"><div class=\"wp-block-embed__wrapper\">\n<blockquote class=\"wp-embedded-content\" data-secret=\"7HnIjzcDNk\"><a href=\"https:\/\/www.alpstransfers-cab.com\/en\/\">Home<\/a><\/blockquote><iframe class=\"wp-embedded-content\" sandbox=\"allow-scripts\" security=\"restricted\" style=\"position: absolute; visibility: hidden;\" title=\"&#8220;Home&#8221; &#8212; Alps Transfers Cab\" src=\"https:\/\/www.alpstransfers-cab.com\/en\/embed\/#?secret=eX32LAe9ld#?secret=7HnIjzcDNk\" data-secret=\"7HnIjzcDNk\" width=\"500\" height=\"282\" frameborder=\"0\" marginwidth=\"0\" marginheight=\"0\" scrolling=\"no\"><\/iframe>\n<\/div><\/figure>\n\n\n\n<hr class=\"wp-block-separator has-alpha-channel-opacity\"\/>\n\n\n\n<p><strong>Latest Blog Posts :<\/strong><\/p>\n\n\n\n<ul class=\"wp-block-list\">\n<li><a href=\"https:\/\/www.alpstransfers-cab.com\/reserver-un-chauffeur-prive-vers-laeroport-international-de-geneve-au-moins-8-jours-a-lavance\/\"><strong>Why book a Private Chauffeur to Geneva International Airport at least 8 days in advance?<\/strong><\/a><\/li>\n\n\n\n<li><a href=\"https:\/\/www.alpstransfers-cab.com\/decouvrez-des-raisons-convaincantes-dopter-pour-un-chauffeur-prive-pour-vos-transferts-depuis-laeroport-dannecy-mont-blanc\/\"><strong>Opt for a Private Chauffeur for your transfers from Annecy Mont-Blanc Airport<\/strong><\/a><\/li>\n\n\n\n<li><a href=\"https:\/\/www.alpstransfers-cab.com\/reserver-un-transfert-au-depart-de-la-gare-tgv-de-sallanches-combloux-megeve\/\"><strong>Book a Transfer from Sallanches-Combloux-Meg\u00e8ve TGV Station<\/strong><\/a><\/li>\n\n\n\n<li><a href=\"https:\/\/www.alpstransfers-cab.com\/chauffeur-prive-a-megeve-lessentiel-pour-un-sejour-inoubliable\/\"><strong>Private chauffeur in Meg\u00e8ve: the essentials for an unforgettable stay<\/strong><\/a><\/li>\n\n\n\n<li><a href=\"https:\/\/www.alpstransfers-cab.com\/en\/geneva-cornavin-station-a-strategic-transport-hub-between-switzerland-and-the-french-alps\/\"><strong>Geneva Cornavin station: a strategic transport hub between Switzerland and the French Alps<\/strong><\/a><\/li>\n\n\n\n<li><a href=\"https:\/\/www.alpstransfers-cab.com\/en\/chambery-train-station-direct-transfer-to-alpine-ski-resorts-with-private-driver\/\"><strong>Chamb\u00e9ry train station: Direct transfer to Alpine ski resorts with private driver<\/strong><\/a><\/li>\n\n\n\n<li><a href=\"https:\/\/www.alpstransfers-cab.com\/en\/aix-les-bains-train-station-gateway-to-the-wonders-of-the-alps-and-thermal-baths\/\"><strong>Aix-les-Bains station: Gateway to the wonders of the Alps and thermal baths<\/strong><\/a><\/li>\n\n\n\n<li><a href=\"https:\/\/www.alpstransfers-cab.com\/en\/albertville-station-arrival-in-the-heart-of-the-alps\/\"><strong>Albertville: station arrival in the heart of the Alps<\/strong><\/a><\/li>\n\n\n\n<li><a href=\"https:\/\/www.alpstransfers-cab.com\/en\/moutiers-shuttle-and-transfer-service-with-private-driver-to-and-from-the-railway-station-and-the-alpine-ski-resorts\/\"><strong>Mo\u00fbtiers: Shuttle and Transfer Service with Private Driver to and from the Railway Station and the Alpine Ski Resorts<\/strong><\/a><\/li>\n\n\n\n<li><a href=\"https:\/\/www.alpstransfers-cab.com\/en\/bourg-saint-maurice-train-station-shuttle-and-private-chauffeur-service-to-ski-resorts\/\"><strong>Bourg-Saint-Maurice train station &#8211; Shuttle and private chauffeur service to ski resorts<\/strong><\/a><\/li>\n\n\n\n<li><a href=\"https:\/\/www.alpstransfers-cab.com\/gare-dannecy-transfert-et-navette-avec-chauffeur-prive-pour-un-confort-et-une-serenite-optimale\/\"><strong>Annecy train station: Transfer and Shuttle with Private Chauffeur for Optimal Comfort and Serenity<\/strong><\/a><\/li>\n\n\n\n<li><a href=\"https:\/\/www.alpstransfers-cab.com\/en\/annemasse-train-station-your-ideal-starting-point-for-a-private-transfer-to-the-ski-resorts\/\"><strong>Annemasse station: your ideal starting point for a private transfer to the ski resorts<\/strong><\/a><\/li>\n\n\n\n<li><a href=\"https:\/\/www.alpstransfers-cab.com\/en\/thonon-les-bains-station-your-ideal-starting-point-for-a-private-transfer-to-the-ski-resorts\/\"><strong>Thonon-les-Bains station: your ideal starting point for a private transfer to the ski resorts<\/strong><\/a><\/li>\n\n\n\n<li><a href=\"https:\/\/www.alpstransfers-cab.com\/en\/evian-les-bains-station-your-ideal-starting-point-for-a-private-transfer-to-the-ski-resorts-of-the-french-alps\/\"><strong>\u00c9vian-les-Bains station: your ideal starting point for a private transfer to the ski resorts of the French Alps<\/strong><\/a><\/li>\n\n\n\n<li><a href=\"https:\/\/www.alpstransfers-cab.com\/en\/cluses-train-station-74-private-shuttle-and-easy-access-to-the-ski-resorts\/\"><strong>Cluses train station (74300), Haute-Savoie: Private shuttle and easy access to French Alps ski resorts<\/strong><\/a><\/li>\n\n\n\n<li><a href=\"https:\/\/www.alpstransfers-cab.com\/en\/sallanches-combloux-megeve-station-your-gateway-to-the-alps-ski-resorts\/\"><strong>Sallanches-Combloux-Meg\u00e8ve station: Your gateway to the Alps&#8217; ski resorts<\/strong><\/a><\/li>\n\n\n\n<li><a href=\"https:\/\/www.alpstransfers-cab.com\/vacances-dhiver-quelles-solutions-de-transport-prive-depuis-la-gare-tgv-de-saint-gervais-les-bains-le-fayet\/\"><strong>Winter vacations: Private transport solutions from Saint-Gervais-les-Bains Le Fayet TGV station<\/strong><\/a><\/li>\n\n\n\n<li><a href=\"https:\/\/www.alpstransfers-cab.com\/en\/chamonix-mont-blanc-train-station-guide-to-unmissable-walks-and-attractions\/\"><strong>Chamonix-Mont-Blanc train station : guide to unmissable walks and attractions<\/strong><\/a><\/li>\n\n\n\n<li><a href=\"https:\/\/www.alpstransfers-cab.com\/decouverte-dannecy-pourquoi-choisir-un-taxi-ou-un-vtc-pour-vos-deplacements\/\"><strong>Discover Annecy: why choose a cab or VTC for your trips<\/strong><\/a><\/li>\n\n\n\n<li><a href=\"https:\/\/www.alpstransfers-cab.com\/reserver-un-chauffeur-prive-vtc-a-chamonix-mont-blanc\/\"><strong>Book a private VTC driver in Chamonix-Mont-Blanc<\/strong><\/a><\/li>\n\n\n\n<li><strong><a href=\"https:\/\/www.alpstransfers-cab.com\/limo-service-in-chamonix-the-luxury-experience-in-the-heart-of-the-alps\/\">Limousine service in Chamonix: Discover luxury in the heart of the Alps<\/a><\/strong><\/li>\n\n\n\n<li><strong><a href=\"https:\/\/www.alpstransfers-cab.com\/transport-en-haute-savoie-navette-chauffeur-prive-ou-taxi\/\">Transport in Haute-Savoie: Shuttle, Private Chauffeur or Taxi options<\/a><\/strong><\/li>\n\n\n\n<li><a href=\"https:\/\/www.alpstransfers-cab.com\/les-meilleurs-alternatives-aux-taxis-a-chamonix-pays-du-mont-blanc-votre-guide-definitif\/\"><strong>The Best Alternatives to Taxis in Chamonix Pays du Mont-Blanc: Your Definitive Guide<\/strong><\/a><\/li>\n\n\n\n<li><a href=\"https:\/\/www.alpstransfers-cab.com\/prix-des-taxis-a-chamonix-pour-lannee-2024-guide-complet-pour-vos-deplacements\/\"><strong>Chamonix cab fares for 2024: A complete guide to getting around<\/strong><\/a><\/li>\n\n\n\n<li><a href=\"https:\/\/www.alpstransfers-cab.com\/accident-de-la-route-comment-obtenir-une-indemnisation-face-a-un-taxi-non-assure\/\"><strong>Road accident: How to obtain compensation from an uninsured cab driver?<\/strong><\/a><\/li>\n\n\n\n<li><a href=\"https:\/\/www.alpstransfers-cab.com\/decouvrez-les-alternatives-de-transport-de-personnes-a-combloux-en-haute-savoie\/\"><strong>Discover the Alternatives to Personal Transport in Combloux, Haute-Savoie<\/strong><\/a><\/li>\n\n\n\n<li><a href=\"https:\/\/www.alpstransfers-cab.com\/domaine-skiable-de-cordon-a-sallanches-votre-guide-complet\/\"><strong>Cordon to Sallanches ski area: The village resort<\/strong><\/a><\/li>\n<\/ul>\n\n\n\n<p><strong><a href=\"https:\/\/www.alpstransfers-cab.com\/en\/corporate-offers\/\">CORPORATE OFFER<\/a><\/strong><\/p>\n","protected":false},"excerpt":{"rendered":"<p>Taxi Meg\u00e8ve or VTC: which is best for exceptional mountain transport? In the heart of the majestic Alps, Meg\u00e8ve symbolizes [&hellip;]<\/p>\n","protected":false},"author":2,"featured_media":8825,"comment_status":"open","ping_status":"open","sticky":false,"template":"","format":"standard","meta":{"site-sidebar-layout":"default","site-content-layout":"","ast-site-content-layout":"full-width-container","site-content-style":"default","site-sidebar-style":"default","ast-global-header-display":"","ast-banner-title-visibility":"","ast-main-header-display":"","ast-hfb-above-header-display":"","ast-hfb-below-header-display":"","ast-hfb-mobile-header-display":"","site-post-title":"","ast-breadcrumbs-content":"","ast-featured-img":"","footer-sml-layout":"","ast-disable-related-posts":"","theme-transparent-header-meta":"","adv-header-id-meta":"","stick-header-meta":"","header-above-stick-meta":"","header-main-stick-meta":"","header-below-stick-meta":"","astra-migrate-meta-layouts":"default","ast-page-background-enabled":"default","ast-page-background-meta":{"desktop":{"background-color":"var(--ast-global-color-4)","background-image":"","background-repeat":"repeat","background-position":"center center","background-size":"auto","background-attachment":"scroll","background-type":"","background-media":"","overlay-type":"","overlay-color":"","overlay-opacity":"","overlay-gradient":""},"tablet":{"background-color":"","background-image":"","background-repeat":"repeat","background-position":"center center","background-size":"auto","background-attachment":"scroll","background-type":"","background-media":"","overlay-type":"","overlay-color":"","overlay-opacity":"","overlay-gradient":""},"mobile":{"background-color":"","background-image":"","background-repeat":"repeat","background-position":"center center","background-size":"auto","background-attachment":"scroll","background-type":"","background-media":"","overlay-type":"","overlay-color":"","overlay-opacity":"","overlay-gradient":""}},"ast-content-background-meta":{"desktop":{"background-color":"var(--ast-global-color-5)","background-image":"","background-repeat":"repeat","background-position":"center center","background-size":"auto","background-attachment":"scroll","background-type":"","background-media":"","overlay-type":"","overlay-color":"","overlay-opacity":"","overlay-gradient":""},"tablet":{"background-color":"var(--ast-global-color-5)","background-image":"","background-repeat":"repeat","background-position":"center center","background-size":"auto","background-attachment":"scroll","background-type":"","background-media":"","overlay-type":"","overlay-color":"","overlay-opacity":"","overlay-gradient":""},"mobile":{"background-color":"var(--ast-global-color-5)","background-image":"","background-repeat":"repeat","background-position":"center center","background-size":"auto","background-attachment":"scroll","background-type":"","background-media":"","overlay-type":"","overlay-color":"","overlay-opacity":"","overlay-gradient":""}},"footnotes":""},"categories":[30],"tags":[],"class_list":["post-8616","post","type-post","status-publish","format-standard","has-post-thumbnail","hentry","category-vtc-blog"],"yoast_head":"<!-- This site is optimized with the Yoast SEO plugin v27.4 - https:\/\/yoast.com\/product\/yoast-seo-wordpress\/ -->\n<title>Taxi Meg\u00e8ve or VTC: key criteria for choosing the best transport service - Alps Transfers Cab<\/title>\n<meta name=\"robots\" content=\"index, follow, max-snippet:-1, max-image-preview:large, max-video-preview:-1\" \/>\n<link rel=\"canonical\" href=\"https:\/\/www.alpstransfers-cab.com\/en\/taxi-megeve-or-vtc-choose-the-best-for-your-mountain-transfers\/\" \/>\n<meta property=\"og:locale\" content=\"en_US\" \/>\n<meta property=\"og:type\" content=\"article\" \/>\n<meta property=\"og:title\" content=\"Taxi Meg\u00e8ve or VTC: key criteria for choosing the best transport service - Alps Transfers Cab\" \/>\n<meta property=\"og:description\" content=\"Taxi Meg\u00e8ve or VTC: which is best for exceptional mountain transport? In the heart of the majestic Alps, Meg\u00e8ve symbolizes [&hellip;]\" \/>\n<meta property=\"og:url\" content=\"https:\/\/www.alpstransfers-cab.com\/en\/taxi-megeve-or-vtc-choose-the-best-for-your-mountain-transfers\/\" \/>\n<meta property=\"og:site_name\" content=\"Alps Transfers Cab\" \/>\n<meta property=\"article:published_time\" content=\"2025-03-05T11:53:11+00:00\" \/>\n<meta property=\"article:modified_time\" content=\"2026-02-20T18:10:44+00:00\" \/>\n<meta property=\"og:image\" content=\"https:\/\/www.alpstransfers-cab.com\/wp-content\/uploads\/2025\/03\/freepik__the-style-is-candid-image-photography-with-natural__71603.png\" \/>\n\t<meta property=\"og:image:width\" content=\"1024\" \/>\n\t<meta property=\"og:image:height\" content=\"1024\" \/>\n\t<meta property=\"og:image:type\" content=\"image\/png\" \/>\n<meta name=\"author\" content=\"contact@alpstransfers-cab.com\" \/>\n<meta name=\"twitter:card\" content=\"summary_large_image\" \/>\n<meta name=\"twitter:label1\" content=\"Written by\" \/>\n\t<meta name=\"twitter:data1\" content=\"contact@alpstransfers-cab.com\" \/>\n\t<meta name=\"twitter:label2\" content=\"Est. reading time\" \/>\n\t<meta name=\"twitter:data2\" content=\"8 minutes\" \/>\n<script type=\"application\/ld+json\" class=\"yoast-schema-graph\">{\"@context\":\"https:\\\/\\\/schema.org\",\"@graph\":[{\"@type\":\"Article\",\"@id\":\"https:\\\/\\\/www.alpstransfers-cab.com\\\/en\\\/taxi-megeve-or-vtc-choose-the-best-for-your-mountain-transfers\\\/#article\",\"isPartOf\":{\"@id\":\"https:\\\/\\\/www.alpstransfers-cab.com\\\/en\\\/taxi-megeve-or-vtc-choose-the-best-for-your-mountain-transfers\\\/\"},\"author\":{\"name\":\"contact@alpstransfers-cab.com\",\"@id\":\"https:\\\/\\\/www.alpstransfers-cab.com\\\/en\\\/#\\\/schema\\\/person\\\/eeb328e28d6e9d34157324bb0cfe3915\"},\"headline\":\"Taxi Meg\u00e8ve or VTC: key criteria for choosing the best transport service\",\"datePublished\":\"2025-03-05T11:53:11+00:00\",\"dateModified\":\"2026-02-20T18:10:44+00:00\",\"mainEntityOfPage\":{\"@id\":\"https:\\\/\\\/www.alpstransfers-cab.com\\\/en\\\/taxi-megeve-or-vtc-choose-the-best-for-your-mountain-transfers\\\/\"},\"wordCount\":1395,\"commentCount\":0,\"image\":{\"@id\":\"https:\\\/\\\/www.alpstransfers-cab.com\\\/en\\\/taxi-megeve-or-vtc-choose-the-best-for-your-mountain-transfers\\\/#primaryimage\"},\"thumbnailUrl\":\"https:\\\/\\\/www.alpstransfers-cab.com\\\/wp-content\\\/uploads\\\/2025\\\/03\\\/freepik__the-style-is-candid-image-photography-with-natural__71603.png\",\"articleSection\":[\"VTC Blog\"],\"inLanguage\":\"en-US\",\"potentialAction\":[{\"@type\":\"CommentAction\",\"name\":\"Comment\",\"target\":[\"https:\\\/\\\/www.alpstransfers-cab.com\\\/en\\\/taxi-megeve-or-vtc-choose-the-best-for-your-mountain-transfers\\\/#respond\"]}]},{\"@type\":\"WebPage\",\"@id\":\"https:\\\/\\\/www.alpstransfers-cab.com\\\/en\\\/taxi-megeve-or-vtc-choose-the-best-for-your-mountain-transfers\\\/\",\"url\":\"https:\\\/\\\/www.alpstransfers-cab.com\\\/en\\\/taxi-megeve-or-vtc-choose-the-best-for-your-mountain-transfers\\\/\",\"name\":\"Taxi Meg\u00e8ve or VTC: key criteria for choosing the best transport service - Alps Transfers Cab\",\"isPartOf\":{\"@id\":\"https:\\\/\\\/www.alpstransfers-cab.com\\\/en\\\/#website\"},\"primaryImageOfPage\":{\"@id\":\"https:\\\/\\\/www.alpstransfers-cab.com\\\/en\\\/taxi-megeve-or-vtc-choose-the-best-for-your-mountain-transfers\\\/#primaryimage\"},\"image\":{\"@id\":\"https:\\\/\\\/www.alpstransfers-cab.com\\\/en\\\/taxi-megeve-or-vtc-choose-the-best-for-your-mountain-transfers\\\/#primaryimage\"},\"thumbnailUrl\":\"https:\\\/\\\/www.alpstransfers-cab.com\\\/wp-content\\\/uploads\\\/2025\\\/03\\\/freepik__the-style-is-candid-image-photography-with-natural__71603.png\",\"datePublished\":\"2025-03-05T11:53:11+00:00\",\"dateModified\":\"2026-02-20T18:10:44+00:00\",\"author\":{\"@id\":\"https:\\\/\\\/www.alpstransfers-cab.com\\\/en\\\/#\\\/schema\\\/person\\\/eeb328e28d6e9d34157324bb0cfe3915\"},\"breadcrumb\":{\"@id\":\"https:\\\/\\\/www.alpstransfers-cab.com\\\/en\\\/taxi-megeve-or-vtc-choose-the-best-for-your-mountain-transfers\\\/#breadcrumb\"},\"inLanguage\":\"en-US\",\"potentialAction\":[{\"@type\":\"ReadAction\",\"target\":[\"https:\\\/\\\/www.alpstransfers-cab.com\\\/en\\\/taxi-megeve-or-vtc-choose-the-best-for-your-mountain-transfers\\\/\"]}]},{\"@type\":\"ImageObject\",\"inLanguage\":\"en-US\",\"@id\":\"https:\\\/\\\/www.alpstransfers-cab.com\\\/en\\\/taxi-megeve-or-vtc-choose-the-best-for-your-mountain-transfers\\\/#primaryimage\",\"url\":\"https:\\\/\\\/www.alpstransfers-cab.com\\\/wp-content\\\/uploads\\\/2025\\\/03\\\/freepik__the-style-is-candid-image-photography-with-natural__71603.png\",\"contentUrl\":\"https:\\\/\\\/www.alpstransfers-cab.com\\\/wp-content\\\/uploads\\\/2025\\\/03\\\/freepik__the-style-is-candid-image-photography-with-natural__71603.png\",\"width\":1024,\"height\":1024},{\"@type\":\"BreadcrumbList\",\"@id\":\"https:\\\/\\\/www.alpstransfers-cab.com\\\/en\\\/taxi-megeve-or-vtc-choose-the-best-for-your-mountain-transfers\\\/#breadcrumb\",\"itemListElement\":[{\"@type\":\"ListItem\",\"position\":1,\"name\":\"Accueil\",\"item\":\"https:\\\/\\\/www.alpstransfers-cab.com\\\/en\\\/\"},{\"@type\":\"ListItem\",\"position\":2,\"name\":\"Taxi Meg\u00e8ve or VTC: key criteria for choosing the best transport service\"}]},{\"@type\":\"WebSite\",\"@id\":\"https:\\\/\\\/www.alpstransfers-cab.com\\\/en\\\/#website\",\"url\":\"https:\\\/\\\/www.alpstransfers-cab.com\\\/en\\\/\",\"name\":\"Alps Transfers Cab\",\"description\":\"Alpes Transfert Cab Service VTC\",\"potentialAction\":[{\"@type\":\"SearchAction\",\"target\":{\"@type\":\"EntryPoint\",\"urlTemplate\":\"https:\\\/\\\/www.alpstransfers-cab.com\\\/en\\\/?s={search_term_string}\"},\"query-input\":{\"@type\":\"PropertyValueSpecification\",\"valueRequired\":true,\"valueName\":\"search_term_string\"}}],\"inLanguage\":\"en-US\"},{\"@type\":\"Person\",\"@id\":\"https:\\\/\\\/www.alpstransfers-cab.com\\\/en\\\/#\\\/schema\\\/person\\\/eeb328e28d6e9d34157324bb0cfe3915\",\"name\":\"contact@alpstransfers-cab.com\",\"image\":{\"@type\":\"ImageObject\",\"inLanguage\":\"en-US\",\"@id\":\"https:\\\/\\\/secure.gravatar.com\\\/avatar\\\/46c2ae809f64848daea8dbd617059d0b560238735ed5e55e58113720cc93c13f?s=96&d=mm&r=g\",\"url\":\"https:\\\/\\\/secure.gravatar.com\\\/avatar\\\/46c2ae809f64848daea8dbd617059d0b560238735ed5e55e58113720cc93c13f?s=96&d=mm&r=g\",\"contentUrl\":\"https:\\\/\\\/secure.gravatar.com\\\/avatar\\\/46c2ae809f64848daea8dbd617059d0b560238735ed5e55e58113720cc93c13f?s=96&d=mm&r=g\",\"caption\":\"contact@alpstransfers-cab.com\"},\"url\":\"https:\\\/\\\/www.alpstransfers-cab.com\\\/en\\\/author\\\/contactalpstransfers-cab-com\\\/\"}]}<\/script>\n<!-- \/ Yoast SEO plugin. -->","yoast_head_json":{"title":"Taxi Meg\u00e8ve or VTC: key criteria for choosing the best transport service - Alps Transfers Cab","robots":{"index":"index","follow":"follow","max-snippet":"max-snippet:-1","max-image-preview":"max-image-preview:large","max-video-preview":"max-video-preview:-1"},"canonical":"https:\/\/www.alpstransfers-cab.com\/en\/taxi-megeve-or-vtc-choose-the-best-for-your-mountain-transfers\/","og_locale":"en_US","og_type":"article","og_title":"Taxi Meg\u00e8ve or VTC: key criteria for choosing the best transport service - Alps Transfers Cab","og_description":"Taxi Meg\u00e8ve or VTC: which is best for exceptional mountain transport? In the heart of the majestic Alps, Meg\u00e8ve symbolizes [&hellip;]","og_url":"https:\/\/www.alpstransfers-cab.com\/en\/taxi-megeve-or-vtc-choose-the-best-for-your-mountain-transfers\/","og_site_name":"Alps Transfers Cab","article_published_time":"2025-03-05T11:53:11+00:00","article_modified_time":"2026-02-20T18:10:44+00:00","og_image":[{"width":1024,"height":1024,"url":"https:\/\/www.alpstransfers-cab.com\/wp-content\/uploads\/2025\/03\/freepik__the-style-is-candid-image-photography-with-natural__71603.png","type":"image\/png"}],"author":"contact@alpstransfers-cab.com","twitter_card":"summary_large_image","twitter_misc":{"Written by":"contact@alpstransfers-cab.com","Est. reading time":"8 minutes"},"schema":{"@context":"https:\/\/schema.org","@graph":[{"@type":"Article","@id":"https:\/\/www.alpstransfers-cab.com\/en\/taxi-megeve-or-vtc-choose-the-best-for-your-mountain-transfers\/#article","isPartOf":{"@id":"https:\/\/www.alpstransfers-cab.com\/en\/taxi-megeve-or-vtc-choose-the-best-for-your-mountain-transfers\/"},"author":{"name":"contact@alpstransfers-cab.com","@id":"https:\/\/www.alpstransfers-cab.com\/en\/#\/schema\/person\/eeb328e28d6e9d34157324bb0cfe3915"},"headline":"Taxi Meg\u00e8ve or VTC: key criteria for choosing the best transport service","datePublished":"2025-03-05T11:53:11+00:00","dateModified":"2026-02-20T18:10:44+00:00","mainEntityOfPage":{"@id":"https:\/\/www.alpstransfers-cab.com\/en\/taxi-megeve-or-vtc-choose-the-best-for-your-mountain-transfers\/"},"wordCount":1395,"commentCount":0,"image":{"@id":"https:\/\/www.alpstransfers-cab.com\/en\/taxi-megeve-or-vtc-choose-the-best-for-your-mountain-transfers\/#primaryimage"},"thumbnailUrl":"https:\/\/www.alpstransfers-cab.com\/wp-content\/uploads\/2025\/03\/freepik__the-style-is-candid-image-photography-with-natural__71603.png","articleSection":["VTC Blog"],"inLanguage":"en-US","potentialAction":[{"@type":"CommentAction","name":"Comment","target":["https:\/\/www.alpstransfers-cab.com\/en\/taxi-megeve-or-vtc-choose-the-best-for-your-mountain-transfers\/#respond"]}]},{"@type":"WebPage","@id":"https:\/\/www.alpstransfers-cab.com\/en\/taxi-megeve-or-vtc-choose-the-best-for-your-mountain-transfers\/","url":"https:\/\/www.alpstransfers-cab.com\/en\/taxi-megeve-or-vtc-choose-the-best-for-your-mountain-transfers\/","name":"Taxi Meg\u00e8ve or VTC: key criteria for choosing the best transport service - Alps Transfers Cab","isPartOf":{"@id":"https:\/\/www.alpstransfers-cab.com\/en\/#website"},"primaryImageOfPage":{"@id":"https:\/\/www.alpstransfers-cab.com\/en\/taxi-megeve-or-vtc-choose-the-best-for-your-mountain-transfers\/#primaryimage"},"image":{"@id":"https:\/\/www.alpstransfers-cab.com\/en\/taxi-megeve-or-vtc-choose-the-best-for-your-mountain-transfers\/#primaryimage"},"thumbnailUrl":"https:\/\/www.alpstransfers-cab.com\/wp-content\/uploads\/2025\/03\/freepik__the-style-is-candid-image-photography-with-natural__71603.png","datePublished":"2025-03-05T11:53:11+00:00","dateModified":"2026-02-20T18:10:44+00:00","author":{"@id":"https:\/\/www.alpstransfers-cab.com\/en\/#\/schema\/person\/eeb328e28d6e9d34157324bb0cfe3915"},"breadcrumb":{"@id":"https:\/\/www.alpstransfers-cab.com\/en\/taxi-megeve-or-vtc-choose-the-best-for-your-mountain-transfers\/#breadcrumb"},"inLanguage":"en-US","potentialAction":[{"@type":"ReadAction","target":["https:\/\/www.alpstransfers-cab.com\/en\/taxi-megeve-or-vtc-choose-the-best-for-your-mountain-transfers\/"]}]},{"@type":"ImageObject","inLanguage":"en-US","@id":"https:\/\/www.alpstransfers-cab.com\/en\/taxi-megeve-or-vtc-choose-the-best-for-your-mountain-transfers\/#primaryimage","url":"https:\/\/www.alpstransfers-cab.com\/wp-content\/uploads\/2025\/03\/freepik__the-style-is-candid-image-photography-with-natural__71603.png","contentUrl":"https:\/\/www.alpstransfers-cab.com\/wp-content\/uploads\/2025\/03\/freepik__the-style-is-candid-image-photography-with-natural__71603.png","width":1024,"height":1024},{"@type":"BreadcrumbList","@id":"https:\/\/www.alpstransfers-cab.com\/en\/taxi-megeve-or-vtc-choose-the-best-for-your-mountain-transfers\/#breadcrumb","itemListElement":[{"@type":"ListItem","position":1,"name":"Accueil","item":"https:\/\/www.alpstransfers-cab.com\/en\/"},{"@type":"ListItem","position":2,"name":"Taxi Meg\u00e8ve or VTC: key criteria for choosing the best transport service"}]},{"@type":"WebSite","@id":"https:\/\/www.alpstransfers-cab.com\/en\/#website","url":"https:\/\/www.alpstransfers-cab.com\/en\/","name":"Alps Transfers Cab","description":"Alpes Transfert Cab Service VTC","potentialAction":[{"@type":"SearchAction","target":{"@type":"EntryPoint","urlTemplate":"https:\/\/www.alpstransfers-cab.com\/en\/?s={search_term_string}"},"query-input":{"@type":"PropertyValueSpecification","valueRequired":true,"valueName":"search_term_string"}}],"inLanguage":"en-US"},{"@type":"Person","@id":"https:\/\/www.alpstransfers-cab.com\/en\/#\/schema\/person\/eeb328e28d6e9d34157324bb0cfe3915","name":"contact@alpstransfers-cab.com","image":{"@type":"ImageObject","inLanguage":"en-US","@id":"https:\/\/secure.gravatar.com\/avatar\/46c2ae809f64848daea8dbd617059d0b560238735ed5e55e58113720cc93c13f?s=96&d=mm&r=g","url":"https:\/\/secure.gravatar.com\/avatar\/46c2ae809f64848daea8dbd617059d0b560238735ed5e55e58113720cc93c13f?s=96&d=mm&r=g","contentUrl":"https:\/\/secure.gravatar.com\/avatar\/46c2ae809f64848daea8dbd617059d0b560238735ed5e55e58113720cc93c13f?s=96&d=mm&r=g","caption":"contact@alpstransfers-cab.com"},"url":"https:\/\/www.alpstransfers-cab.com\/en\/author\/contactalpstransfers-cab-com\/"}]}},"_links":{"self":[{"href":"https:\/\/www.alpstransfers-cab.com\/en\/wp-json\/wp\/v2\/posts\/8616","targetHints":{"allow":["GET"]}}],"collection":[{"href":"https:\/\/www.alpstransfers-cab.com\/en\/wp-json\/wp\/v2\/posts"}],"about":[{"href":"https:\/\/www.alpstransfers-cab.com\/en\/wp-json\/wp\/v2\/types\/post"}],"author":[{"embeddable":true,"href":"https:\/\/www.alpstransfers-cab.com\/en\/wp-json\/wp\/v2\/users\/2"}],"replies":[{"embeddable":true,"href":"https:\/\/www.alpstransfers-cab.com\/en\/wp-json\/wp\/v2\/comments?post=8616"}],"version-history":[{"count":24,"href":"https:\/\/www.alpstransfers-cab.com\/en\/wp-json\/wp\/v2\/posts\/8616\/revisions"}],"predecessor-version":[{"id":17831,"href":"https:\/\/www.alpstransfers-cab.com\/en\/wp-json\/wp\/v2\/posts\/8616\/revisions\/17831"}],"wp:featuredmedia":[{"embeddable":true,"href":"https:\/\/www.alpstransfers-cab.com\/en\/wp-json\/wp\/v2\/media\/8825"}],"wp:attachment":[{"href":"https:\/\/www.alpstransfers-cab.com\/en\/wp-json\/wp\/v2\/media?parent=8616"}],"wp:term":[{"taxonomy":"category","embeddable":true,"href":"https:\/\/www.alpstransfers-cab.com\/en\/wp-json\/wp\/v2\/categories?post=8616"},{"taxonomy":"post_tag","embeddable":true,"href":"https:\/\/www.alpstransfers-cab.com\/en\/wp-json\/wp\/v2\/tags?post=8616"}],"curies":[{"name":"wp","href":"https:\/\/api.w.org\/{rel}","templated":true}]}}