{"id":9276,"date":"2024-12-03T19:17:11","date_gmt":"2024-12-03T18:17:11","guid":{"rendered":"https:\/\/www.alpstransfers-cab.com\/cab-bellegarde-sur-valserine\/"},"modified":"2026-02-20T22:43:03","modified_gmt":"2026-02-20T21:43:03","slug":"bellegarde-sur-valserine-choose-between-traditional-cab-and-high-end-vtc-taxi-bellegarde-sur-valserine","status":"publish","type":"post","link":"https:\/\/www.alpstransfers-cab.com\/en\/bellegarde-sur-valserine-choose-between-traditional-cab-and-high-end-vtc-taxi-bellegarde-sur-valserine\/","title":{"rendered":"Bellegarde-sur-Valserine: choose between traditional taxi and high-end VTC &#8211; Taxi Bellegarde-sur-Valserine"},"content":{"rendered":"\n<h1 class=\"wp-block-heading\">VTC or Taxi in Bellegarde-sur-Valserine: what are the differences? Which transport should you choose? <\/h1>\n\n\n\n<p>Located right next to the Swiss border and on the strategic axis between Geneva, Lyon and the Alps, <strong>Bellegarde-sur-Valserine<\/strong> (now commune of <strong>Valserh\u00f4ne<\/strong>) is a major rail and road crossroads. Whether you&#8217;re arriving by train or arranging a transfer to an Alpine or urban destination, including long-distance journeys to or from <strong>Paris, Gare de Lyon<\/strong>, the choice between <strong>taxi Bellegarde-sur-Valserine<\/strong> and <strong><a href=\"https:\/\/www.alpstransfers-cab.com\/bellegarde-sur-valserine-gare\/\">VTC Bellegarde-sur-Valserine<\/a><\/strong> can make all the difference in terms of comfort, flexibility and cost.<\/p>\n\n\n\n<p>In this article, discover the <strong><a href=\"https:\/\/www.automobilite-avenir.fr\/taxi-et-vtc-comprendre-les-differences-pour-mieux-choisir\/\">differences between taxi and VTC<\/a><\/strong> in Bellegarde, the advantages of each solution and the main destinations served by these services, particularly for connections between <strong>Valserh\u00f4ne<\/strong>, <strong>Geneva<\/strong>, <strong>Lyon<\/strong> and <strong><a href=\"https:\/\/www.firstclasspartner-vtc.fr\/gare-de-lyon-votre-acces-direct-vers-lyon-annecy-geneve-barcelone-milan-et-le-sud-mediterraneen\/\">Paris, Gare de Lyon<\/a><\/strong>.<\/p>\n\n\n\n<h2 class=\"wp-block-heading\">Bellegarde-sur-Valserine cab: a classic but regulated solution<\/h2>\n\n\n\n<p><strong>Cabs in Bellegarde-sur-Valserine<\/strong> are regulated public transport vehicles that can be parked in the immediate vicinity of the <strong>Bellegarde SNCF train station<\/strong>, without the need for a reservation. They are often used for short journeys or emergencies. <\/p>\n\n\n\n<h3 class=\"wp-block-heading\">\u2705 Advantages :<\/h3>\n\n\n\n<ul class=\"wp-block-list\">\n<li>Immediate availability (station in front of train station).<\/li>\n\n\n\n<li>Rates regulated by the prefecture.<\/li>\n\n\n\n<li>Local knowledge of the area.<\/li>\n\n\n\n<li>Quick turnaround in urban areas.<\/li>\n<\/ul>\n\n\n\n<h3 class=\"wp-block-heading\">\u26a0\ufe0f Disadvantages :<\/h3>\n\n\n\n<ul class=\"wp-block-list\">\n<li>Pricing based on meter (variable depending on traffic).<\/li>\n\n\n\n<li>Random comfort and vehicle type.<\/li>\n\n\n\n<li>Less suitable for long journeys or customized transfers.<\/li>\n<\/ul>\n\n\n\n<h2 class=\"wp-block-heading\">VTC Bellegarde-sur-Valserine: comfort and made-to-measure service<\/h2>\n\n\n\n<p><strong>VTCs (Voiture de Transport avec Chauffeur)<\/strong> in Bellegarde operate exclusively by reservation. Unlike cabs, they are not allowed to park on public roads while waiting for customers. They offer a <strong>premium experience<\/strong>, particularly suited to <strong>long-distance transfers<\/strong>, <strong>business travel<\/strong> or tourist trips.  <\/p>\n\n\n\n<h3 class=\"wp-block-heading\">\u2705 Advantages :<\/h3>\n\n\n\n<ul class=\"wp-block-list\">\n<li><strong>Fixed price known in advance<\/strong> (no meter).<\/li>\n\n\n\n<li><strong>Easy to book<\/strong> online or by phone.<\/li>\n\n\n\n<li><strong>Personalized welcome<\/strong> at the station or at home.<\/li>\n\n\n\n<li>Recent, comfortable, often top-of-the-range vehicles.<\/li>\n\n\n\n<li>On-board services (Wi-Fi, bottled water, chargers, etc.).<\/li>\n\n\n\n<li>Reservations can be made for several stages or groups.<\/li>\n\n\n\n<li>Discreet, punctual driver, bilingual if required.<\/li>\n<\/ul>\n\n\n\n<h3 class=\"wp-block-heading\">\u26a0\ufe0f Disadvantages :<\/h3>\n\n\n\n<ul class=\"wp-block-list\">\n<li>Advance booking essential.<\/li>\n\n\n\n<li>No immediate access without anticipation.<\/li>\n<\/ul>\n\n\n\n<h2 class=\"wp-block-heading\">Taxi and VTC comparison in Bellegarde-sur-Valserine<\/h2>\n\n\n\n<figure class=\"wp-block-table\"><table class=\"has-fixed-layout\"><thead><tr><th>Criteria<\/th><th>Taxi Bellegarde<\/th><th>VTC Bellegarde (First Class Partner)<\/th><\/tr><\/thead><tbody><tr><td>Reservation<\/td><td>Not required<\/td><td>Mandatory<\/td><\/tr><tr><td>Pricing<\/td><td>Variable, on counter<\/td><td>Fixed, no surprises<\/td><\/tr><tr><td>Vehicle comfort<\/td><td>Random<\/td><td>Upscale (sedan, van, etc.)<\/td><\/tr><tr><td>On-board services<\/td><td>Generally absent<\/td><td>Water, Wi-Fi, charger, silence<\/td><\/tr><tr><td>Punctuality<\/td><td>Average, subject to availability<\/td><td>Guarantee, driver already present<\/td><\/tr><tr><td>Route flexibility<\/td><td>Limited<\/td><td>Total, customized routes<\/td><\/tr><tr><td>Station welcome<\/td><td>Basic or absent<\/td><td>Name plate + luggage assistance<\/td><\/tr><\/tbody><\/table><\/figure>\n\n\n\n<h2 class=\"wp-block-heading\">Which destinations are served by taxi or VTC from Bellegarde?<\/h2>\n\n\n\n<p><strong>Bellegarde-sur-Valserine VTC and cab drivers<\/strong> provide local, regional and international routes. Here is a selection of <strong>popular destinations<\/strong>: <\/p>\n\n\n\n<h3 class=\"wp-block-heading\">\ud83d\udd39 Transfers to major cities :<\/h3>\n\n\n\n<ul class=\"wp-block-list\">\n<li><strong>Geneva city center or airport (GVA)<\/strong> &#8211; 35 min.<\/li>\n\n\n\n<li><strong>Lyon center or Saint-Exup\u00e9ry Airport (LYS<\/strong> ) &#8211; 1h15<\/li>\n\n\n\n<li><strong>Annecy<\/strong> &#8211; 45 min<\/li>\n\n\n\n<li><strong>Chamb\u00e9ry<\/strong> &#8211; 1h10<\/li>\n<\/ul>\n\n\n\n<h3 class=\"wp-block-heading\">\ud83d\udd39 Transfers to ski resorts (winter) :<\/h3>\n\n\n\n<ul class=\"wp-block-list\">\n<li><strong>La Clusaz<\/strong><\/li>\n\n\n\n<li><strong>Le Grand-Bornand<\/strong><\/li>\n\n\n\n<li><strong>Meg\u00e8ve<\/strong><\/li>\n\n\n\n<li><strong>Chamonix<\/strong><\/li>\n\n\n\n<li><strong>Les Gets \/ Morzine \/ Avoriaz<\/strong><\/li>\n<\/ul>\n\n\n\n<h3 class=\"wp-block-heading\">\ud83d\udd39 Other common routes :<\/h3>\n\n\n\n<ul class=\"wp-block-list\">\n<li>Bellegarde TGV station &lt;-&gt; downtown or business district.<\/li>\n\n\n\n<li>Commuting in Pays de Gex, Valserh\u00f4ne, Haute-Savoie.<\/li>\n\n\n\n<li>Event transfers (weddings, conventions, seminars).<\/li>\n<\/ul>\n\n\n\n<h2 class=\"wp-block-heading\">Why choose a VTC in Bellegarde-sur-Valserine with First Class Partner?<\/h2>\n\n\n\n<p><strong>First Class Partner<\/strong>, specialist in top-of-the-range transport in Auvergne-Rh\u00f4ne-Alpes, offers a <strong>private chauffeur service in Bellegarde-sur-Valserine<\/strong> for all your needs: station, airport or resort transfers, or daily pick-ups.<\/p>\n\n\n\n<p>Whether it&#8217;s a <strong>quick trip<\/strong> or a <strong>long-distance transfer<\/strong>, summer or winter, you&#8217;ll benefit from professional, discreet and punctual assistance.<\/p>\n\n\n\n<h3 class=\"wp-block-heading\">\ud83d\udd17 Related articles<\/h3>\n\n\n\n<ul class=\"wp-block-list\">\n<li><a href=\"https:\/\/www.voiture-valk.fr\/quelles-sont-les-differences-entre-chauffeur-taxi-et-chauffeur-vtc\/\"><strong>What are the differences between Taxi and VTC drivers?<\/strong><\/a><\/li>\n<\/ul>\n\n\n\n<ul class=\"wp-block-list\">\n<li><a href=\"https:\/\/www.annecy-ville.fr\/2025\/04\/comment-aller-aeroport-geneve-depuis-annecy-ou-se-garer\/\"><strong>How do I get to Geneva airport from Annecy and where can I park? Parking lots and shuttles<\/strong><\/a><\/li>\n<\/ul>\n\n\n\n<ul class=\"wp-block-list\">\n<li><a href=\"https:\/\/www.appartementcourchevel.com\/sejour-ski\/pourquoi-choisir-service-vtc-pour-seminaires-sejours-affaires-a-courchevel\/\"><strong>Optimize your business travel in Courchevel: Why choose a VTC service for your seminars and business trips?<\/strong><\/a><\/li>\n<\/ul>\n\n\n\n<ul class=\"wp-block-list\">\n<li><a href=\"https:\/\/www.alpstransfers-cab.com\/service-de-limousine-a-chamonix-transferts-de-luxe-vers-les-stations-de-ski-et-les-hotels\/\"><strong>Limousine service in Chamonix: Luxury transfers to ski resorts and hotels<\/strong><\/a><\/li>\n<\/ul>\n\n\n\n<h3 class=\"wp-block-heading\">Read also : <a href=\"https:\/\/www.alpstransfers-cab.com\/en\/geneva-international-airport-private-shuttle-and-chauffeur-tailored-to-your-needs\/\"><strong>A\u00e9roport International de Gen\u00e8ve, Private Shuttle and Chauffeur Made to Measure for Your Travel Needs<\/strong><\/a><\/h3>\n\n\n\n<figure class=\"wp-block-image aligncenter size-large\"><img fetchpriority=\"high\" decoding=\"async\" width=\"1024\" height=\"682\" src=\"https:\/\/www.alpstransfers-cab.com\/wp-content\/uploads\/2024\/12\/freepik__upload__80223-1024x682.jpeg\" alt=\"\" class=\"wp-image-12009\" srcset=\"https:\/\/www.alpstransfers-cab.com\/wp-content\/uploads\/2024\/12\/freepik__upload__80223-1024x682.jpeg 1024w, https:\/\/www.alpstransfers-cab.com\/wp-content\/uploads\/2024\/12\/freepik__upload__80223-300x200.jpeg 300w, https:\/\/www.alpstransfers-cab.com\/wp-content\/uploads\/2024\/12\/freepik__upload__80223-768x512.jpeg 768w, https:\/\/www.alpstransfers-cab.com\/wp-content\/uploads\/2024\/12\/freepik__upload__80223-1536x1024.jpeg 1536w, https:\/\/www.alpstransfers-cab.com\/wp-content\/uploads\/2024\/12\/freepik__upload__80223-600x400.jpeg 600w, https:\/\/www.alpstransfers-cab.com\/wp-content\/uploads\/2024\/12\/freepik__upload__80223.jpeg 2000w\" sizes=\"(max-width: 1024px) 100vw, 1024px\" \/><\/figure>\n\n\n\n<hr class=\"wp-block-separator has-alpha-channel-opacity\"\/>\n\n\n\n<h2 class=\"wp-block-heading\">FAQ &#8211; Taxi or VTC in Bellegarde-sur-Valserine<\/h2>\n\n\n\n<h3 class=\"wp-block-heading\">\ud83d\udcac Is it possible to book a cab in advance in Bellegarde?<\/h3>\n\n\n\n<p>Some cabs accept it, but booking a VTC is more reliable and systematic.<\/p>\n\n\n\n<h3 class=\"wp-block-heading\">\ud83d\udcac Is VTC more expensive than a cab?<\/h3>\n\n\n\n<p>Not always. VTC prices are fixed in advance, so there are no unpleasant surprises in the event of traffic jams or long journeys. <\/p>\n\n\n\n<h3 class=\"wp-block-heading\">\ud83d\udcac Are there any VTCs for groups in Bellegarde?<\/h3>\n\n\n\n<p>Yes, 7 or 8-seater vans are available on request for families, professionals or groups of skiers. <\/p>\n\n\n\n<h3 class=\"wp-block-heading\">\ud83d\udcac Does VTC also work in winter?<\/h3>\n\n\n\n<p>Yes, VTC drivers operate all year round, even in snowy conditions, with specially adapted vehicles (4&#215;4, snow tires, ski racks, etc.). <\/p>\n\n\n\n<h2 class=\"wp-block-heading\"><\/h2>\n\n\n\n<p>In <strong>Bellegarde-sur-Valserine<\/strong>, the choice between <strong>cab<\/strong> and <strong>VTC<\/strong> essentially depends on your priorities: spontaneity or personalized service, metered price or fixed fare, basic comfort or top-of-the-range services.<\/p>\n\n\n\n<p>For a <strong>stress-free transfer<\/strong>, <strong>summer or winter<\/strong>, with a <strong>professional, punctual and discreet driver<\/strong>, the ideal solution is <strong>VTC Bellegarde-sur-Valserine<\/strong> with <strong>First Class Partner<\/strong>.<\/p>\n\n\n\n<h3 class=\"wp-block-heading\">\ud83d\udcde Book your VTC now :<\/h3>\n\n\n\n<p><strong>First Class Partner<\/strong><br>\ud83d\ude98 Transport priv\u00e9 &#8211; VTC \u00e0 Bellegarde-sur-Valserine et en Rh\u00f4ne-Alpes<br>\ud83d\udccd Departures\/arrivals: Bellegarde TGV station, Geneva Airport, Lyon, ski resorts, etc.<br>\ud83d\udcde <strong><strong><strong><a href=\"tel:+33782877445\"><strong>+33 (0)7 82 87 74 45<\/strong><\/a><\/strong><\/strong> (Appel\/SMS\/WhatsApp)<\/strong><br>\ud83d\udce7 <strong><a href=\"https:\/\/www.alpstransfers-cab.com\/en\/contact\/\">contact@alpstransfers-cab.com<\/a><\/strong><br>\ud83c\udf10 <a href=\"https:\/\/www.alpstransfers-cab.com\/en\/\"><strong>www.alpstransfers-cab.com<\/strong><\/a><\/p>\n\n\n\n<p>Take advantage of a reliable, top-of-the-range transportation service that&#8217;s 100% tailored to your needs.<\/p>\n\n\n\n<figure class=\"wp-block-embed is-type-wp-embed is-provider-alps-transfers-cab wp-block-embed-alps-transfers-cab\"><div class=\"wp-block-embed__wrapper\">\n<blockquote class=\"wp-embedded-content\" data-secret=\"KxFZ38ujgT\"><a href=\"https:\/\/www.alpstransfers-cab.com\/en\/\">Home<\/a><\/blockquote><iframe class=\"wp-embedded-content\" sandbox=\"allow-scripts\" security=\"restricted\" style=\"position: absolute; visibility: hidden;\" title=\"&#8220;Home&#8221; &#8212; Alps Transfers Cab\" src=\"https:\/\/www.alpstransfers-cab.com\/en\/embed\/#?secret=hwl9bBqjH5#?secret=KxFZ38ujgT\" data-secret=\"KxFZ38ujgT\" width=\"500\" height=\"282\" frameborder=\"0\" marginwidth=\"0\" marginheight=\"0\" scrolling=\"no\"><\/iframe>\n<\/div><\/figure>\n\n\n\n<hr class=\"wp-block-separator has-alpha-channel-opacity\"\/>\n\n\n\n<p><strong>Latest Blog Posts :<\/strong><\/p>\n\n\n\n<ul class=\"wp-block-list\">\n<li><a href=\"https:\/\/www.alpstransfers-cab.com\/reserver-un-chauffeur-prive-vers-laeroport-international-de-geneve-au-moins-8-jours-a-lavance\/\"><strong>Why book a Private Chauffeur to Geneva International Airport at least 8 days in advance?<\/strong><\/a><\/li>\n\n\n\n<li><a href=\"https:\/\/www.alpstransfers-cab.com\/decouvrez-des-raisons-convaincantes-dopter-pour-un-chauffeur-prive-pour-vos-transferts-depuis-laeroport-dannecy-mont-blanc\/\"><strong>Opt for a Private Chauffeur for your transfers from Annecy Mont-Blanc Airport<\/strong><\/a><\/li>\n\n\n\n<li><a href=\"https:\/\/www.alpstransfers-cab.com\/reserver-un-transfert-au-depart-de-la-gare-tgv-de-sallanches-combloux-megeve\/\"><strong>Book a Transfer from Sallanches-Combloux-Meg\u00e8ve TGV Station<\/strong><\/a><\/li>\n\n\n\n<li><a href=\"https:\/\/www.alpstransfers-cab.com\/chauffeur-prive-a-megeve-lessentiel-pour-un-sejour-inoubliable\/\"><strong>Private chauffeur in Meg\u00e8ve: the essentials for an unforgettable stay<\/strong><\/a><\/li>\n\n\n\n<li><a href=\"https:\/\/www.alpstransfers-cab.com\/en\/geneva-cornavin-station-a-strategic-transport-hub-between-switzerland-and-the-french-alps\/\"><strong>Geneva Cornavin station: a strategic transport hub between Switzerland and the French Alps<\/strong><\/a><\/li>\n\n\n\n<li><a href=\"https:\/\/www.alpstransfers-cab.com\/en\/chambery-train-station-direct-transfer-to-alpine-ski-resorts-with-private-driver\/\"><strong>Chamb\u00e9ry train station: Direct transfer to Alpine ski resorts with private driver<\/strong><\/a><\/li>\n\n\n\n<li><a href=\"https:\/\/www.alpstransfers-cab.com\/en\/aix-les-bains-train-station-gateway-to-the-wonders-of-the-alps-and-thermal-baths\/\"><strong>Aix-les-Bains station: Gateway to the wonders of the Alps and thermal baths<\/strong><\/a><\/li>\n\n\n\n<li><a href=\"https:\/\/www.alpstransfers-cab.com\/en\/albertville-station-arrival-in-the-heart-of-the-alps\/\"><strong>Albertville: station arrival in the heart of the Alps<\/strong><\/a><\/li>\n\n\n\n<li><a href=\"https:\/\/www.alpstransfers-cab.com\/en\/moutiers-shuttle-and-transfer-service-with-private-driver-to-and-from-the-railway-station-and-the-alpine-ski-resorts\/\"><strong>Mo\u00fbtiers: Shuttle and Transfer Service with Private Driver to and from the Railway Station and the Alpine Ski Resorts<\/strong><\/a><\/li>\n\n\n\n<li><a href=\"https:\/\/www.alpstransfers-cab.com\/en\/bourg-saint-maurice-train-station-shuttle-and-private-chauffeur-service-to-ski-resorts\/\"><strong>Bourg-Saint-Maurice train station &#8211; Shuttle and private chauffeur service to ski resorts<\/strong><\/a><\/li>\n\n\n\n<li><a href=\"https:\/\/www.alpstransfers-cab.com\/gare-dannecy-transfert-et-navette-avec-chauffeur-prive-pour-un-confort-et-une-serenite-optimale\/\"><strong>Annecy train station: Transfer and Shuttle with Private Chauffeur for Optimal Comfort and Serenity<\/strong><\/a><\/li>\n\n\n\n<li><a href=\"https:\/\/www.alpstransfers-cab.com\/en\/annemasse-train-station-your-ideal-starting-point-for-a-private-transfer-to-the-ski-resorts\/\"><strong>Annemasse station: your ideal starting point for a private transfer to the ski resorts<\/strong><\/a><\/li>\n\n\n\n<li><a href=\"https:\/\/www.alpstransfers-cab.com\/en\/thonon-les-bains-station-your-ideal-starting-point-for-a-private-transfer-to-the-ski-resorts\/\"><strong>Thonon-les-Bains station: your ideal starting point for a private transfer to the ski resorts<\/strong><\/a><\/li>\n\n\n\n<li><a href=\"https:\/\/www.alpstransfers-cab.com\/en\/evian-les-bains-station-your-ideal-starting-point-for-a-private-transfer-to-the-ski-resorts-of-the-french-alps\/\"><strong>\u00c9vian-les-Bains station: your ideal starting point for a private transfer to the ski resorts of the French Alps<\/strong><\/a><\/li>\n\n\n\n<li><a href=\"https:\/\/www.alpstransfers-cab.com\/en\/cluses-train-station-74-private-shuttle-and-easy-access-to-the-ski-resorts\/\"><strong>Cluses train station (74300), Haute-Savoie: Private shuttle and easy access to French Alps ski resorts<\/strong><\/a><\/li>\n\n\n\n<li><a href=\"https:\/\/www.alpstransfers-cab.com\/en\/sallanches-combloux-megeve-station-your-gateway-to-the-alps-ski-resorts\/\"><strong>Sallanches-Combloux-Meg\u00e8ve station: Your gateway to the Alps&#8217; ski resorts<\/strong><\/a><\/li>\n\n\n\n<li><a href=\"https:\/\/www.alpstransfers-cab.com\/vacances-dhiver-quelles-solutions-de-transport-prive-depuis-la-gare-tgv-de-saint-gervais-les-bains-le-fayet\/\"><strong>Winter vacations: Private transport solutions from Saint-Gervais-les-Bains Le Fayet TGV station<\/strong><\/a><\/li>\n\n\n\n<li><a href=\"https:\/\/www.alpstransfers-cab.com\/en\/chamonix-mont-blanc-train-station-guide-to-unmissable-walks-and-attractions\/\"><strong>Chamonix-Mont-Blanc train station : guide to unmissable walks and attractions<\/strong><\/a><\/li>\n\n\n\n<li><a href=\"https:\/\/www.alpstransfers-cab.com\/decouverte-dannecy-pourquoi-choisir-un-taxi-ou-un-vtc-pour-vos-deplacements\/\"><strong>Discover Annecy: why choose a cab or VTC for your trips<\/strong><\/a><\/li>\n\n\n\n<li><a href=\"https:\/\/www.alpstransfers-cab.com\/reserver-un-chauffeur-prive-vtc-a-chamonix-mont-blanc\/\"><strong>Book a private VTC driver in Chamonix-Mont-Blanc<\/strong><\/a><\/li>\n\n\n\n<li><a href=\"https:\/\/www.alpstransfers-cab.com\/reservez-un-chauffeur-prive-pour-vos-transferts-vers-les-stations-de-ski-des-alpes-francaises\/\"><strong>Book a Shuttle for Your Transfers to Ski Resorts in the French Alps<\/strong><\/a><\/li>\n\n\n\n<li><a href=\"https:\/\/www.alpstransfers-cab.com\/reserver-un-chauffeur-prive-en-haute-savoie-guide-complet-pour-un-voyage-serein\/\"><strong>Book a Private Transport in Haute-Savoie : Complete Guide for a Peaceful Journey<\/strong><\/a><\/li>\n\n\n\n<li><a href=\"https:\/\/www.alpstransfers-cab.com\/les-meilleurs-alternatives-aux-taxis-a-chamonix-pays-du-mont-blanc-votre-guide-definitif\/\"><strong>The Best Alternatives to Taxis in Chamonix Pays du Mont-Blanc: Your Definitive Guide<\/strong><\/a><\/li>\n\n\n\n<li><a href=\"https:\/\/www.alpstransfers-cab.com\/prix-des-taxis-a-chamonix-pour-lannee-2024-guide-complet-pour-vos-deplacements\/\"><strong>Chamonix cab fares for 2024: A complete guide to getting around<\/strong><\/a><\/li>\n\n\n\n<li><a href=\"https:\/\/www.alpstransfers-cab.com\/accident-de-la-route-comment-obtenir-une-indemnisation-face-a-un-taxi-non-assure\/\"><strong>Road accident: How to obtain compensation from an uninsured cab driver?<\/strong><\/a><\/li>\n\n\n\n<li><a href=\"https:\/\/www.alpstransfers-cab.com\/decouvrez-les-alternatives-de-transport-de-personnes-a-combloux-en-haute-savoie\/\"><strong>Discover the Alternatives to Personal Transport in Combloux, Haute-Savoie<\/strong><\/a><\/li>\n\n\n\n<li><a href=\"https:\/\/www.alpstransfers-cab.com\/transport-en-haute-savoie-navette-chauffeur-prive-ou-taxi\/\"><strong>Transport in Haute-Savoie: Shuttle, Private Driver or Taxi<\/strong><\/a><\/li>\n<\/ul>\n\n\n\n<p><strong><a href=\"https:\/\/www.alpstransfers-cab.com\/en\/corporate-offers\/\">CORPORATE OFFER<\/a><\/strong><\/p>\n\n\n\n<p><\/p>\n","protected":false},"excerpt":{"rendered":"<p>VTC or Taxi in Bellegarde-sur-Valserine: what are the differences? Which transport should you choose? Located right next to the Swiss [&hellip;]<\/p>\n","protected":false},"author":2,"featured_media":9272,"comment_status":"open","ping_status":"open","sticky":false,"template":"","format":"standard","meta":{"site-sidebar-layout":"default","site-content-layout":"","ast-site-content-layout":"full-width-container","site-content-style":"default","site-sidebar-style":"default","ast-global-header-display":"","ast-banner-title-visibility":"","ast-main-header-display":"","ast-hfb-above-header-display":"","ast-hfb-below-header-display":"","ast-hfb-mobile-header-display":"","site-post-title":"","ast-breadcrumbs-content":"","ast-featured-img":"","footer-sml-layout":"","ast-disable-related-posts":"","theme-transparent-header-meta":"","adv-header-id-meta":"","stick-header-meta":"","header-above-stick-meta":"","header-main-stick-meta":"","header-below-stick-meta":"","astra-migrate-meta-layouts":"default","ast-page-background-enabled":"default","ast-page-background-meta":{"desktop":{"background-color":"var(--ast-global-color-4)","background-image":"","background-repeat":"repeat","background-position":"center center","background-size":"auto","background-attachment":"scroll","background-type":"","background-media":"","overlay-type":"","overlay-color":"","overlay-opacity":"","overlay-gradient":""},"tablet":{"background-color":"","background-image":"","background-repeat":"repeat","background-position":"center center","background-size":"auto","background-attachment":"scroll","background-type":"","background-media":"","overlay-type":"","overlay-color":"","overlay-opacity":"","overlay-gradient":""},"mobile":{"background-color":"","background-image":"","background-repeat":"repeat","background-position":"center center","background-size":"auto","background-attachment":"scroll","background-type":"","background-media":"","overlay-type":"","overlay-color":"","overlay-opacity":"","overlay-gradient":""}},"ast-content-background-meta":{"desktop":{"background-color":"var(--ast-global-color-5)","background-image":"","background-repeat":"repeat","background-position":"center center","background-size":"auto","background-attachment":"scroll","background-type":"","background-media":"","overlay-type":"","overlay-color":"","overlay-opacity":"","overlay-gradient":""},"tablet":{"background-color":"var(--ast-global-color-5)","background-image":"","background-repeat":"repeat","background-position":"center center","background-size":"auto","background-attachment":"scroll","background-type":"","background-media":"","overlay-type":"","overlay-color":"","overlay-opacity":"","overlay-gradient":""},"mobile":{"background-color":"var(--ast-global-color-5)","background-image":"","background-repeat":"repeat","background-position":"center center","background-size":"auto","background-attachment":"scroll","background-type":"","background-media":"","overlay-type":"","overlay-color":"","overlay-opacity":"","overlay-gradient":""}},"footnotes":""},"categories":[30],"tags":[],"class_list":["post-9276","post","type-post","status-publish","format-standard","has-post-thumbnail","hentry","category-vtc-blog"],"yoast_head":"<!-- This site is optimized with the Yoast SEO plugin v27.4 - https:\/\/yoast.com\/product\/yoast-seo-wordpress\/ -->\n<title>Bellegarde-sur-Valserine: choose between traditional taxi and high-end VTC - Taxi Bellegarde-sur-Valserine - Alps Transfers Cab<\/title>\n<meta name=\"robots\" content=\"index, follow, max-snippet:-1, max-image-preview:large, max-video-preview:-1\" \/>\n<link rel=\"canonical\" href=\"https:\/\/www.alpstransfers-cab.com\/en\/bellegarde-sur-valserine-choose-between-traditional-cab-and-high-end-vtc-taxi-bellegarde-sur-valserine\/\" \/>\n<meta property=\"og:locale\" content=\"en_US\" \/>\n<meta property=\"og:type\" content=\"article\" \/>\n<meta property=\"og:title\" content=\"Bellegarde-sur-Valserine: choose between traditional taxi and high-end VTC - Taxi Bellegarde-sur-Valserine - Alps Transfers Cab\" \/>\n<meta property=\"og:description\" content=\"VTC or Taxi in Bellegarde-sur-Valserine: what are the differences? Which transport should you choose? Located right next to the Swiss [&hellip;]\" \/>\n<meta property=\"og:url\" content=\"https:\/\/www.alpstransfers-cab.com\/en\/bellegarde-sur-valserine-choose-between-traditional-cab-and-high-end-vtc-taxi-bellegarde-sur-valserine\/\" \/>\n<meta property=\"og:site_name\" content=\"Alps Transfers Cab\" \/>\n<meta property=\"article:published_time\" content=\"2024-12-03T18:17:11+00:00\" \/>\n<meta property=\"article:modified_time\" content=\"2026-02-20T21:43:03+00:00\" \/>\n<meta property=\"og:image\" content=\"https:\/\/www.alpstransfers-cab.com\/wp-content\/uploads\/2025\/07\/freepik__the-style-is-candid-image-photography-with-natural__13591.png\" \/>\n\t<meta property=\"og:image:width\" content=\"1216\" \/>\n\t<meta property=\"og:image:height\" content=\"832\" \/>\n\t<meta property=\"og:image:type\" content=\"image\/png\" \/>\n<meta name=\"author\" content=\"contact@alpstransfers-cab.com\" \/>\n<meta name=\"twitter:card\" content=\"summary_large_image\" \/>\n<meta name=\"twitter:label1\" content=\"Written by\" \/>\n\t<meta name=\"twitter:data1\" content=\"contact@alpstransfers-cab.com\" \/>\n\t<meta name=\"twitter:label2\" content=\"Est. reading time\" \/>\n\t<meta name=\"twitter:data2\" content=\"7 minutes\" \/>\n<script type=\"application\/ld+json\" class=\"yoast-schema-graph\">{\"@context\":\"https:\\\/\\\/schema.org\",\"@graph\":[{\"@type\":\"Article\",\"@id\":\"https:\\\/\\\/www.alpstransfers-cab.com\\\/en\\\/bellegarde-sur-valserine-choose-between-traditional-cab-and-high-end-vtc-taxi-bellegarde-sur-valserine\\\/#article\",\"isPartOf\":{\"@id\":\"https:\\\/\\\/www.alpstransfers-cab.com\\\/en\\\/bellegarde-sur-valserine-choose-between-traditional-cab-and-high-end-vtc-taxi-bellegarde-sur-valserine\\\/\"},\"author\":{\"name\":\"contact@alpstransfers-cab.com\",\"@id\":\"https:\\\/\\\/www.alpstransfers-cab.com\\\/en\\\/#\\\/schema\\\/person\\\/eeb328e28d6e9d34157324bb0cfe3915\"},\"headline\":\"Bellegarde-sur-Valserine: choose between traditional taxi and high-end VTC &#8211; Taxi Bellegarde-sur-Valserine\",\"datePublished\":\"2024-12-03T18:17:11+00:00\",\"dateModified\":\"2026-02-20T21:43:03+00:00\",\"mainEntityOfPage\":{\"@id\":\"https:\\\/\\\/www.alpstransfers-cab.com\\\/en\\\/bellegarde-sur-valserine-choose-between-traditional-cab-and-high-end-vtc-taxi-bellegarde-sur-valserine\\\/\"},\"wordCount\":1179,\"commentCount\":0,\"image\":{\"@id\":\"https:\\\/\\\/www.alpstransfers-cab.com\\\/en\\\/bellegarde-sur-valserine-choose-between-traditional-cab-and-high-end-vtc-taxi-bellegarde-sur-valserine\\\/#primaryimage\"},\"thumbnailUrl\":\"https:\\\/\\\/www.alpstransfers-cab.com\\\/wp-content\\\/uploads\\\/2025\\\/07\\\/freepik__the-style-is-candid-image-photography-with-natural__13591.png\",\"articleSection\":[\"VTC Blog\"],\"inLanguage\":\"en-US\",\"potentialAction\":[{\"@type\":\"CommentAction\",\"name\":\"Comment\",\"target\":[\"https:\\\/\\\/www.alpstransfers-cab.com\\\/en\\\/bellegarde-sur-valserine-choose-between-traditional-cab-and-high-end-vtc-taxi-bellegarde-sur-valserine\\\/#respond\"]}]},{\"@type\":\"WebPage\",\"@id\":\"https:\\\/\\\/www.alpstransfers-cab.com\\\/en\\\/bellegarde-sur-valserine-choose-between-traditional-cab-and-high-end-vtc-taxi-bellegarde-sur-valserine\\\/\",\"url\":\"https:\\\/\\\/www.alpstransfers-cab.com\\\/en\\\/bellegarde-sur-valserine-choose-between-traditional-cab-and-high-end-vtc-taxi-bellegarde-sur-valserine\\\/\",\"name\":\"Bellegarde-sur-Valserine: choose between traditional taxi and high-end VTC - Taxi Bellegarde-sur-Valserine - Alps Transfers Cab\",\"isPartOf\":{\"@id\":\"https:\\\/\\\/www.alpstransfers-cab.com\\\/en\\\/#website\"},\"primaryImageOfPage\":{\"@id\":\"https:\\\/\\\/www.alpstransfers-cab.com\\\/en\\\/bellegarde-sur-valserine-choose-between-traditional-cab-and-high-end-vtc-taxi-bellegarde-sur-valserine\\\/#primaryimage\"},\"image\":{\"@id\":\"https:\\\/\\\/www.alpstransfers-cab.com\\\/en\\\/bellegarde-sur-valserine-choose-between-traditional-cab-and-high-end-vtc-taxi-bellegarde-sur-valserine\\\/#primaryimage\"},\"thumbnailUrl\":\"https:\\\/\\\/www.alpstransfers-cab.com\\\/wp-content\\\/uploads\\\/2025\\\/07\\\/freepik__the-style-is-candid-image-photography-with-natural__13591.png\",\"datePublished\":\"2024-12-03T18:17:11+00:00\",\"dateModified\":\"2026-02-20T21:43:03+00:00\",\"author\":{\"@id\":\"https:\\\/\\\/www.alpstransfers-cab.com\\\/en\\\/#\\\/schema\\\/person\\\/eeb328e28d6e9d34157324bb0cfe3915\"},\"breadcrumb\":{\"@id\":\"https:\\\/\\\/www.alpstransfers-cab.com\\\/en\\\/bellegarde-sur-valserine-choose-between-traditional-cab-and-high-end-vtc-taxi-bellegarde-sur-valserine\\\/#breadcrumb\"},\"inLanguage\":\"en-US\",\"potentialAction\":[{\"@type\":\"ReadAction\",\"target\":[\"https:\\\/\\\/www.alpstransfers-cab.com\\\/en\\\/bellegarde-sur-valserine-choose-between-traditional-cab-and-high-end-vtc-taxi-bellegarde-sur-valserine\\\/\"]}]},{\"@type\":\"ImageObject\",\"inLanguage\":\"en-US\",\"@id\":\"https:\\\/\\\/www.alpstransfers-cab.com\\\/en\\\/bellegarde-sur-valserine-choose-between-traditional-cab-and-high-end-vtc-taxi-bellegarde-sur-valserine\\\/#primaryimage\",\"url\":\"https:\\\/\\\/www.alpstransfers-cab.com\\\/wp-content\\\/uploads\\\/2025\\\/07\\\/freepik__the-style-is-candid-image-photography-with-natural__13591.png\",\"contentUrl\":\"https:\\\/\\\/www.alpstransfers-cab.com\\\/wp-content\\\/uploads\\\/2025\\\/07\\\/freepik__the-style-is-candid-image-photography-with-natural__13591.png\",\"width\":1216,\"height\":832},{\"@type\":\"BreadcrumbList\",\"@id\":\"https:\\\/\\\/www.alpstransfers-cab.com\\\/en\\\/bellegarde-sur-valserine-choose-between-traditional-cab-and-high-end-vtc-taxi-bellegarde-sur-valserine\\\/#breadcrumb\",\"itemListElement\":[{\"@type\":\"ListItem\",\"position\":1,\"name\":\"Accueil\",\"item\":\"https:\\\/\\\/www.alpstransfers-cab.com\\\/en\\\/\"},{\"@type\":\"ListItem\",\"position\":2,\"name\":\"Bellegarde-sur-Valserine: choose between traditional taxi and high-end VTC &#8211; Taxi Bellegarde-sur-Valserine\"}]},{\"@type\":\"WebSite\",\"@id\":\"https:\\\/\\\/www.alpstransfers-cab.com\\\/en\\\/#website\",\"url\":\"https:\\\/\\\/www.alpstransfers-cab.com\\\/en\\\/\",\"name\":\"Alps Transfers Cab\",\"description\":\"Alpes Transfert Cab Service VTC\",\"potentialAction\":[{\"@type\":\"SearchAction\",\"target\":{\"@type\":\"EntryPoint\",\"urlTemplate\":\"https:\\\/\\\/www.alpstransfers-cab.com\\\/en\\\/?s={search_term_string}\"},\"query-input\":{\"@type\":\"PropertyValueSpecification\",\"valueRequired\":true,\"valueName\":\"search_term_string\"}}],\"inLanguage\":\"en-US\"},{\"@type\":\"Person\",\"@id\":\"https:\\\/\\\/www.alpstransfers-cab.com\\\/en\\\/#\\\/schema\\\/person\\\/eeb328e28d6e9d34157324bb0cfe3915\",\"name\":\"contact@alpstransfers-cab.com\",\"image\":{\"@type\":\"ImageObject\",\"inLanguage\":\"en-US\",\"@id\":\"https:\\\/\\\/secure.gravatar.com\\\/avatar\\\/46c2ae809f64848daea8dbd617059d0b560238735ed5e55e58113720cc93c13f?s=96&d=mm&r=g\",\"url\":\"https:\\\/\\\/secure.gravatar.com\\\/avatar\\\/46c2ae809f64848daea8dbd617059d0b560238735ed5e55e58113720cc93c13f?s=96&d=mm&r=g\",\"contentUrl\":\"https:\\\/\\\/secure.gravatar.com\\\/avatar\\\/46c2ae809f64848daea8dbd617059d0b560238735ed5e55e58113720cc93c13f?s=96&d=mm&r=g\",\"caption\":\"contact@alpstransfers-cab.com\"},\"url\":\"https:\\\/\\\/www.alpstransfers-cab.com\\\/en\\\/author\\\/contactalpstransfers-cab-com\\\/\"}]}<\/script>\n<!-- \/ Yoast SEO plugin. -->","yoast_head_json":{"title":"Bellegarde-sur-Valserine: choose between traditional taxi and high-end VTC - Taxi Bellegarde-sur-Valserine - Alps Transfers Cab","robots":{"index":"index","follow":"follow","max-snippet":"max-snippet:-1","max-image-preview":"max-image-preview:large","max-video-preview":"max-video-preview:-1"},"canonical":"https:\/\/www.alpstransfers-cab.com\/en\/bellegarde-sur-valserine-choose-between-traditional-cab-and-high-end-vtc-taxi-bellegarde-sur-valserine\/","og_locale":"en_US","og_type":"article","og_title":"Bellegarde-sur-Valserine: choose between traditional taxi and high-end VTC - Taxi Bellegarde-sur-Valserine - Alps Transfers Cab","og_description":"VTC or Taxi in Bellegarde-sur-Valserine: what are the differences? Which transport should you choose? Located right next to the Swiss [&hellip;]","og_url":"https:\/\/www.alpstransfers-cab.com\/en\/bellegarde-sur-valserine-choose-between-traditional-cab-and-high-end-vtc-taxi-bellegarde-sur-valserine\/","og_site_name":"Alps Transfers Cab","article_published_time":"2024-12-03T18:17:11+00:00","article_modified_time":"2026-02-20T21:43:03+00:00","og_image":[{"width":1216,"height":832,"url":"https:\/\/www.alpstransfers-cab.com\/wp-content\/uploads\/2025\/07\/freepik__the-style-is-candid-image-photography-with-natural__13591.png","type":"image\/png"}],"author":"contact@alpstransfers-cab.com","twitter_card":"summary_large_image","twitter_misc":{"Written by":"contact@alpstransfers-cab.com","Est. reading time":"7 minutes"},"schema":{"@context":"https:\/\/schema.org","@graph":[{"@type":"Article","@id":"https:\/\/www.alpstransfers-cab.com\/en\/bellegarde-sur-valserine-choose-between-traditional-cab-and-high-end-vtc-taxi-bellegarde-sur-valserine\/#article","isPartOf":{"@id":"https:\/\/www.alpstransfers-cab.com\/en\/bellegarde-sur-valserine-choose-between-traditional-cab-and-high-end-vtc-taxi-bellegarde-sur-valserine\/"},"author":{"name":"contact@alpstransfers-cab.com","@id":"https:\/\/www.alpstransfers-cab.com\/en\/#\/schema\/person\/eeb328e28d6e9d34157324bb0cfe3915"},"headline":"Bellegarde-sur-Valserine: choose between traditional taxi and high-end VTC &#8211; Taxi Bellegarde-sur-Valserine","datePublished":"2024-12-03T18:17:11+00:00","dateModified":"2026-02-20T21:43:03+00:00","mainEntityOfPage":{"@id":"https:\/\/www.alpstransfers-cab.com\/en\/bellegarde-sur-valserine-choose-between-traditional-cab-and-high-end-vtc-taxi-bellegarde-sur-valserine\/"},"wordCount":1179,"commentCount":0,"image":{"@id":"https:\/\/www.alpstransfers-cab.com\/en\/bellegarde-sur-valserine-choose-between-traditional-cab-and-high-end-vtc-taxi-bellegarde-sur-valserine\/#primaryimage"},"thumbnailUrl":"https:\/\/www.alpstransfers-cab.com\/wp-content\/uploads\/2025\/07\/freepik__the-style-is-candid-image-photography-with-natural__13591.png","articleSection":["VTC Blog"],"inLanguage":"en-US","potentialAction":[{"@type":"CommentAction","name":"Comment","target":["https:\/\/www.alpstransfers-cab.com\/en\/bellegarde-sur-valserine-choose-between-traditional-cab-and-high-end-vtc-taxi-bellegarde-sur-valserine\/#respond"]}]},{"@type":"WebPage","@id":"https:\/\/www.alpstransfers-cab.com\/en\/bellegarde-sur-valserine-choose-between-traditional-cab-and-high-end-vtc-taxi-bellegarde-sur-valserine\/","url":"https:\/\/www.alpstransfers-cab.com\/en\/bellegarde-sur-valserine-choose-between-traditional-cab-and-high-end-vtc-taxi-bellegarde-sur-valserine\/","name":"Bellegarde-sur-Valserine: choose between traditional taxi and high-end VTC - Taxi Bellegarde-sur-Valserine - Alps Transfers Cab","isPartOf":{"@id":"https:\/\/www.alpstransfers-cab.com\/en\/#website"},"primaryImageOfPage":{"@id":"https:\/\/www.alpstransfers-cab.com\/en\/bellegarde-sur-valserine-choose-between-traditional-cab-and-high-end-vtc-taxi-bellegarde-sur-valserine\/#primaryimage"},"image":{"@id":"https:\/\/www.alpstransfers-cab.com\/en\/bellegarde-sur-valserine-choose-between-traditional-cab-and-high-end-vtc-taxi-bellegarde-sur-valserine\/#primaryimage"},"thumbnailUrl":"https:\/\/www.alpstransfers-cab.com\/wp-content\/uploads\/2025\/07\/freepik__the-style-is-candid-image-photography-with-natural__13591.png","datePublished":"2024-12-03T18:17:11+00:00","dateModified":"2026-02-20T21:43:03+00:00","author":{"@id":"https:\/\/www.alpstransfers-cab.com\/en\/#\/schema\/person\/eeb328e28d6e9d34157324bb0cfe3915"},"breadcrumb":{"@id":"https:\/\/www.alpstransfers-cab.com\/en\/bellegarde-sur-valserine-choose-between-traditional-cab-and-high-end-vtc-taxi-bellegarde-sur-valserine\/#breadcrumb"},"inLanguage":"en-US","potentialAction":[{"@type":"ReadAction","target":["https:\/\/www.alpstransfers-cab.com\/en\/bellegarde-sur-valserine-choose-between-traditional-cab-and-high-end-vtc-taxi-bellegarde-sur-valserine\/"]}]},{"@type":"ImageObject","inLanguage":"en-US","@id":"https:\/\/www.alpstransfers-cab.com\/en\/bellegarde-sur-valserine-choose-between-traditional-cab-and-high-end-vtc-taxi-bellegarde-sur-valserine\/#primaryimage","url":"https:\/\/www.alpstransfers-cab.com\/wp-content\/uploads\/2025\/07\/freepik__the-style-is-candid-image-photography-with-natural__13591.png","contentUrl":"https:\/\/www.alpstransfers-cab.com\/wp-content\/uploads\/2025\/07\/freepik__the-style-is-candid-image-photography-with-natural__13591.png","width":1216,"height":832},{"@type":"BreadcrumbList","@id":"https:\/\/www.alpstransfers-cab.com\/en\/bellegarde-sur-valserine-choose-between-traditional-cab-and-high-end-vtc-taxi-bellegarde-sur-valserine\/#breadcrumb","itemListElement":[{"@type":"ListItem","position":1,"name":"Accueil","item":"https:\/\/www.alpstransfers-cab.com\/en\/"},{"@type":"ListItem","position":2,"name":"Bellegarde-sur-Valserine: choose between traditional taxi and high-end VTC &#8211; Taxi Bellegarde-sur-Valserine"}]},{"@type":"WebSite","@id":"https:\/\/www.alpstransfers-cab.com\/en\/#website","url":"https:\/\/www.alpstransfers-cab.com\/en\/","name":"Alps Transfers Cab","description":"Alpes Transfert Cab Service VTC","potentialAction":[{"@type":"SearchAction","target":{"@type":"EntryPoint","urlTemplate":"https:\/\/www.alpstransfers-cab.com\/en\/?s={search_term_string}"},"query-input":{"@type":"PropertyValueSpecification","valueRequired":true,"valueName":"search_term_string"}}],"inLanguage":"en-US"},{"@type":"Person","@id":"https:\/\/www.alpstransfers-cab.com\/en\/#\/schema\/person\/eeb328e28d6e9d34157324bb0cfe3915","name":"contact@alpstransfers-cab.com","image":{"@type":"ImageObject","inLanguage":"en-US","@id":"https:\/\/secure.gravatar.com\/avatar\/46c2ae809f64848daea8dbd617059d0b560238735ed5e55e58113720cc93c13f?s=96&d=mm&r=g","url":"https:\/\/secure.gravatar.com\/avatar\/46c2ae809f64848daea8dbd617059d0b560238735ed5e55e58113720cc93c13f?s=96&d=mm&r=g","contentUrl":"https:\/\/secure.gravatar.com\/avatar\/46c2ae809f64848daea8dbd617059d0b560238735ed5e55e58113720cc93c13f?s=96&d=mm&r=g","caption":"contact@alpstransfers-cab.com"},"url":"https:\/\/www.alpstransfers-cab.com\/en\/author\/contactalpstransfers-cab-com\/"}]}},"_links":{"self":[{"href":"https:\/\/www.alpstransfers-cab.com\/en\/wp-json\/wp\/v2\/posts\/9276","targetHints":{"allow":["GET"]}}],"collection":[{"href":"https:\/\/www.alpstransfers-cab.com\/en\/wp-json\/wp\/v2\/posts"}],"about":[{"href":"https:\/\/www.alpstransfers-cab.com\/en\/wp-json\/wp\/v2\/types\/post"}],"author":[{"embeddable":true,"href":"https:\/\/www.alpstransfers-cab.com\/en\/wp-json\/wp\/v2\/users\/2"}],"replies":[{"embeddable":true,"href":"https:\/\/www.alpstransfers-cab.com\/en\/wp-json\/wp\/v2\/comments?post=9276"}],"version-history":[{"count":20,"href":"https:\/\/www.alpstransfers-cab.com\/en\/wp-json\/wp\/v2\/posts\/9276\/revisions"}],"predecessor-version":[{"id":17879,"href":"https:\/\/www.alpstransfers-cab.com\/en\/wp-json\/wp\/v2\/posts\/9276\/revisions\/17879"}],"wp:featuredmedia":[{"embeddable":true,"href":"https:\/\/www.alpstransfers-cab.com\/en\/wp-json\/wp\/v2\/media\/9272"}],"wp:attachment":[{"href":"https:\/\/www.alpstransfers-cab.com\/en\/wp-json\/wp\/v2\/media?parent=9276"}],"wp:term":[{"taxonomy":"category","embeddable":true,"href":"https:\/\/www.alpstransfers-cab.com\/en\/wp-json\/wp\/v2\/categories?post=9276"},{"taxonomy":"post_tag","embeddable":true,"href":"https:\/\/www.alpstransfers-cab.com\/en\/wp-json\/wp\/v2\/tags?post=9276"}],"curies":[{"name":"wp","href":"https:\/\/api.w.org\/{rel}","templated":true}]}}